{"id":15738,"date":"2026-01-12T09:23:50","date_gmt":"2026-01-12T12:23:50","guid":{"rendered":"https:\/\/lalupa24.com.ar\/?p=15738"},"modified":"2026-01-12T09:23:51","modified_gmt":"2026-01-12T12:23:51","slug":"crisis-en-iran-la-tension-alcanza-niveles-criticos-ante-el-aumento-de-la-presion-internacional","status":"publish","type":"post","link":"https:\/\/lalupa24.com.ar\/index.php\/2026\/01\/12\/crisis-en-iran-la-tension-alcanza-niveles-criticos-ante-el-aumento-de-la-presion-internacional\/","title":{"rendered":"CRISIS EN IR\u00c1N: LA TENSI\u00d3N ALCANZA NIVELES CR\u00cdTICOS ANTE EL AUMENTO DE LA PRESI\u00d3N INTERNACIONAL"},"content":{"rendered":"\n<p>La Rep\u00fablica Isl\u00e1mica de Ir\u00e1n atraviesa uno de sus momentos m\u00e1s convulsos en la historia reciente, enfrentando una crisis multidimensional que combina una econom\u00eda asfixiada, protestas internas masivas y una escalada de hostilidades diplom\u00e1ticas. La situaci\u00f3n en el terreno es de m\u00e1xima alerta, con informes de enfrentamientos en los principales centros urbanos y un despliegue de seguridad sin precedentes. Este escenario ha colocado a Teher\u00e1n en el centro de la agenda geopol\u00edtica global, mientras la comunidad internacional observa con cautela el riesgo de una desestabilizaci\u00f3n regional.<\/p>\n\n\n\n<p>El detonante de esta fase aguda de la crisis ha sido la respuesta violenta del r\u00e9gimen hacia los movimientos civiles que exigen reformas democr\u00e1ticas y mayores libertades. Seg\u00fan organizaciones de derechos humanos y observadores internacionales, la represi\u00f3n ha dejado un saldo de v\u00edctimas que ha activado las alarmas en las Naciones Unidas. Analistas pol\u00edticos sugieren que el descontento social, exacerbado por una inflaci\u00f3n galopante y el aislamiento financiero, ha superado la capacidad de contenci\u00f3n del gobierno iran\u00ed, que se ve obligado a oscilar entre la fuerza bruta y los gestos diplom\u00e1ticos.<\/p>\n\n\n\n<p>En el \u00e1mbito econ\u00f3mico, las sanciones internacionales contin\u00faan erosionando la estructura financiera del pa\u00eds, limitando dr\u00e1sticamente las exportaciones de crudo y el acceso a divisas extranjeras. Expertos en geopol\u00edtica de Oriente Medio indican que el r\u00e9gimen se encuentra en una encrucijada: mantener su postura ideol\u00f3gica de resistencia o ceder ante la presi\u00f3n externa para evitar un colapso total del Estado. Esta fragilidad econ\u00f3mica es el combustible que mantiene vivas las hogueras de la protesta en provincias que antes se consideraban bastiones del conservadurismo.<\/p>\n\n\n\n<p>A medida que la crisis evoluciona, el flujo de informaci\u00f3n desde dentro de Ir\u00e1n se ha vuelto intermitente debido a los cortes en el servicio de internet impuestos por las autoridades. No obstante, las redes sociales y los reportes de periodistas independientes en el exilio describen un panorama de resistencia persistente. La respuesta del aparato de inteligencia iran\u00ed ha sido denunciar una supuesta injerencia extranjera, un discurso que busca cohesionar a sus bases pero que parece perder fuerza ante la realidad cotidiana de la poblaci\u00f3n.<\/p>\n\n\n\n<p>La posici\u00f3n de las potencias mundiales es dividida pero mayoritariamente cr\u00edtica. Mientras algunos pa\u00edses europeos abogan por una soluci\u00f3n negociada que preserve la estabilidad nuclear, otros actores regionales ven en la debilidad de Teher\u00e1n una oportunidad para reconfigurar el equilibrio de poder en la zona. La incertidumbre sobre la sucesi\u00f3n pol\u00edtica dentro de la estructura del clero y la Guardia Revolucionaria a\u00f1ade una capa de complejidad a un conflicto que ya parece haber superado el punto de no retorno.<\/p>\n\n\n\n<p>El futuro inmediato de Ir\u00e1n depende de la capacidad del r\u00e9gimen para ofrecer concesiones reales o de la magnitud de la presi\u00f3n que las potencias occidentales decidan ejercer. Si la violencia contra los manifestantes persiste, es probable que se desencadenen nuevas rondas de sanciones que a\u00edslen a\u00fan m\u00e1s al pa\u00eds. La crisis en Ir\u00e1n no es solo un asunto interno, sino un foco de inestabilidad que podr\u00eda redefinir las relaciones internacionales y el mercado energ\u00e9tico global en el corto plazo.<\/p>\n","protected":false},"excerpt":{"rendered":"<p>La Rep\u00fablica Isl\u00e1mica de Ir\u00e1n atraviesa uno de sus momentos m\u00e1s convulsos en la historia reciente, enfrentando una crisis multidimensional que combina una econom\u00eda asfixiada, protestas internas masivas y una escalada de hostilidades diplom\u00e1ticas. La situaci\u00f3n en el terreno es de m\u00e1xima alerta, con informes de enfrentamientos en los principales centros urbanos y un despliegue [&hellip;]<\/p>\n","protected":false},"author":2,"featured_media":15733,"comment_status":"open","ping_status":"open","sticky":false,"template":"","format":"standard","meta":{"footnotes":""},"categories":[25],"tags":[],"class_list":{"0":"post-15738","1":"post","2":"type-post","3":"status-publish","4":"format-standard","5":"has-post-thumbnail","7":"category-internacionales"},"aioseo_notices":[],"_links":{"self":[{"href":"https:\/\/lalupa24.com.ar\/index.php\/wp-json\/wp\/v2\/posts\/15738","targetHints":{"allow":["GET"]}}],"collection":[{"href":"https:\/\/lalupa24.com.ar\/index.php\/wp-json\/wp\/v2\/posts"}],"about":[{"href":"https:\/\/lalupa24.com.ar\/index.php\/wp-json\/wp\/v2\/types\/post"}],"author":[{"embeddable":true,"href":"https:\/\/lalupa24.com.ar\/index.php\/wp-json\/wp\/v2\/users\/2"}],"replies":[{"embeddable":true,"href":"https:\/\/lalupa24.com.ar\/index.php\/wp-json\/wp\/v2\/comments?post=15738"}],"version-history":[{"count":1,"href":"https:\/\/lalupa24.com.ar\/index.php\/wp-json\/wp\/v2\/posts\/15738\/revisions"}],"predecessor-version":[{"id":15739,"href":"https:\/\/lalupa24.com.ar\/index.php\/wp-json\/wp\/v2\/posts\/15738\/revisions\/15739"}],"wp:featuredmedia":[{"embeddable":true,"href":"https:\/\/lalupa24.com.ar\/index.php\/wp-json\/wp\/v2\/media\/15733"}],"wp:attachment":[{"href":"https:\/\/lalupa24.com.ar\/index.php\/wp-json\/wp\/v2\/media?parent=15738"}],"wp:term":[{"taxonomy":"category","embeddable":true,"href":"https:\/\/lalupa24.com.ar\/index.php\/wp-json\/wp\/v2\/categories?post=15738"},{"taxonomy":"post_tag","embeddable":true,"href":"https:\/\/lalupa24.com.ar\/index.php\/wp-json\/wp\/v2\/tags?post=15738"}],"curies":[{"name":"wp","href":"https:\/\/api.w.org\/{rel}","templated":true}]}}