{"id":15774,"date":"2026-01-15T10:30:04","date_gmt":"2026-01-15T13:30:04","guid":{"rendered":"https:\/\/lalupa24.com.ar\/?p=15774"},"modified":"2026-01-15T10:30:05","modified_gmt":"2026-01-15T13:30:05","slug":"crisis-total-en-iran-escalada-de-tension-social-y-represion-tras-las-ultimas-protestas","status":"publish","type":"post","link":"https:\/\/lalupa24.com.ar\/index.php\/2026\/01\/15\/crisis-total-en-iran-escalada-de-tension-social-y-represion-tras-las-ultimas-protestas\/","title":{"rendered":"CRISIS TOTAL EN IR\u00c1N: ESCALADA DE TENSI\u00d3N SOCIAL Y REPRESI\u00d3N TRAS LAS \u00daLTIMAS PROTESTAS"},"content":{"rendered":"\n<p>La Rep\u00fablica Isl\u00e1mica de Ir\u00e1n atraviesa una de las crisis internas m\u00e1s profundas de las \u00faltimas d\u00e9cadas, marcada por una ola de protestas que se ha extendido por las principales ciudades del pa\u00eds. Lo que comenz\u00f3 como un reclamo por las condiciones econ\u00f3micas y el costo de vida ha derivado en una movilizaci\u00f3n masiva que desaf\u00eda directamente la estructura de poder del r\u00e9gimen teocr\u00e1tico. La respuesta de las fuerzas de seguridad ha sido dr\u00e1stica, con informes de organismos internacionales de derechos humanos que denuncian una represi\u00f3n violenta y cortes generalizados en los servicios de internet para limitar la comunicaci\u00f3n con el exterior.<\/p>\n\n\n\n<p>El detonante de esta nueva fase de inestabilidad ha sido la combinaci\u00f3n de una inflaci\u00f3n galopante y el endurecimiento de las leyes de control social. Seg\u00fan expertos en pol\u00edtica de Medio Oriente, el descontento ya no se limita a un sector demogr\u00e1fico espec\u00edfico, sino que abarca a la clase trabajadora, estudiantes y minor\u00edas \u00e9tnicas que exigen reformas estructurales inmediatas. Los reportes desde Teher\u00e1n indican que los enfrentamientos en las calles han dejado un saldo de v\u00edctimas que crece hora tras hora, mientras el gobierno acusa a &#8220;potencias extranjeras&#8221; de instigar el caos para desestabilizar la soberan\u00eda nacional.<\/p>\n\n\n\n<p>En el plano internacional, la comunidad global observa con preocupaci\u00f3n la evoluci\u00f3n de los acontecimientos, temiendo que una desestabilizaci\u00f3n prolongada en Ir\u00e1n afecte la seguridad regional y los mercados energ\u00e9ticos. De acuerdo a informes del Consejo de Seguridad de la ONU, la situaci\u00f3n humanitaria es cr\u00edtica debido al bloqueo de suministros m\u00e9dicos y el arresto arbitrario de activistas y periodistas. Diversos gobiernos han emitido comunicados instando al di\u00e1logo y al respeto de las libertades civiles, aunque el l\u00edder supremo ha mantenido una ret\u00f3rica de confrontaci\u00f3n, calificando a los manifestantes como agentes del sabotaje.<\/p>\n\n\n\n<p>El an\u00e1lisis de inteligencia sugiere que el r\u00e9gimen iran\u00ed se encuentra en una encrucijada hist\u00f3rica, donde la fuerza bruta podr\u00eda no ser suficiente para contener el desgaste de un modelo que muchos j\u00f3venes consideran agotado. La econom\u00eda, asfixiada por a\u00f1os de sanciones internacionales y una gesti\u00f3n interna cuestionada, es el principal motor del malestar. Economistas especializados se\u00f1alan que sin una apertura real y un alivio de las sanciones, la presi\u00f3n interna seguir\u00e1 aumentando, creando un ciclo de violencia y par\u00e1lisis institucional que pone en riesgo la continuidad de la administraci\u00f3n actual.<\/p>\n\n\n\n<p>Mientras tanto, en las redes sociales que logran evadir el bloqueo oficial, circulan im\u00e1genes de actos de desobediencia civil que han dado la vuelta al mundo. El papel de la di\u00e1spora iran\u00ed ha sido fundamental para visibilizar la magnitud de la crisis, organizando manifestaciones de apoyo en las principales capitales de Occidente. Esta presi\u00f3n externa busca forzar a los organismos internacionales a tomar medidas m\u00e1s severas contra los responsables de la represi\u00f3n, incrementando el aislamiento diplom\u00e1tico del pa\u00eds en un momento de extrema vulnerabilidad econ\u00f3mica y social.<\/p>\n\n\n\n<p>El futuro inmediato de Ir\u00e1n es incierto y las pr\u00f3ximas jornadas ser\u00e1n decisivas para determinar si el movimiento de protesta logra consolidar una estructura de liderazgo capaz de negociar una transici\u00f3n o si el r\u00e9gimen endurecer\u00e1 su postura hasta sofocar la rebeli\u00f3n. La posibilidad de una fractura dentro de las propias filas de las fuerzas armadas es un factor que los analistas no descartan, lo que podr\u00eda cambiar dr\u00e1sticamente el rumbo de los acontecimientos. Por ahora, el silencio y la incertidumbre dominan las calles de un pa\u00eds que lucha por definir su identidad en el siglo XXI.<\/p>\n","protected":false},"excerpt":{"rendered":"<p>La Rep\u00fablica Isl\u00e1mica de Ir\u00e1n atraviesa una de las crisis internas m\u00e1s profundas de las \u00faltimas d\u00e9cadas, marcada por una ola de protestas que se ha extendido por las principales ciudades del pa\u00eds. Lo que comenz\u00f3 como un reclamo por las condiciones econ\u00f3micas y el costo de vida ha derivado en una movilizaci\u00f3n masiva que [&hellip;]<\/p>\n","protected":false},"author":2,"featured_media":15761,"comment_status":"open","ping_status":"open","sticky":false,"template":"","format":"standard","meta":{"footnotes":""},"categories":[25],"tags":[],"class_list":{"0":"post-15774","1":"post","2":"type-post","3":"status-publish","4":"format-standard","5":"has-post-thumbnail","7":"category-internacionales"},"aioseo_notices":[],"_links":{"self":[{"href":"https:\/\/lalupa24.com.ar\/index.php\/wp-json\/wp\/v2\/posts\/15774","targetHints":{"allow":["GET"]}}],"collection":[{"href":"https:\/\/lalupa24.com.ar\/index.php\/wp-json\/wp\/v2\/posts"}],"about":[{"href":"https:\/\/lalupa24.com.ar\/index.php\/wp-json\/wp\/v2\/types\/post"}],"author":[{"embeddable":true,"href":"https:\/\/lalupa24.com.ar\/index.php\/wp-json\/wp\/v2\/users\/2"}],"replies":[{"embeddable":true,"href":"https:\/\/lalupa24.com.ar\/index.php\/wp-json\/wp\/v2\/comments?post=15774"}],"version-history":[{"count":1,"href":"https:\/\/lalupa24.com.ar\/index.php\/wp-json\/wp\/v2\/posts\/15774\/revisions"}],"predecessor-version":[{"id":15775,"href":"https:\/\/lalupa24.com.ar\/index.php\/wp-json\/wp\/v2\/posts\/15774\/revisions\/15775"}],"wp:featuredmedia":[{"embeddable":true,"href":"https:\/\/lalupa24.com.ar\/index.php\/wp-json\/wp\/v2\/media\/15761"}],"wp:attachment":[{"href":"https:\/\/lalupa24.com.ar\/index.php\/wp-json\/wp\/v2\/media?parent=15774"}],"wp:term":[{"taxonomy":"category","embeddable":true,"href":"https:\/\/lalupa24.com.ar\/index.php\/wp-json\/wp\/v2\/categories?post=15774"},{"taxonomy":"post_tag","embeddable":true,"href":"https:\/\/lalupa24.com.ar\/index.php\/wp-json\/wp\/v2\/tags?post=15774"}],"curies":[{"name":"wp","href":"https:\/\/api.w.org\/{rel}","templated":true}]}}