{"id":15790,"date":"2026-01-15T10:36:22","date_gmt":"2026-01-15T13:36:22","guid":{"rendered":"https:\/\/lalupa24.com.ar\/?p=15790"},"modified":"2026-01-15T10:36:23","modified_gmt":"2026-01-15T13:36:23","slug":"magario-acelera-el-operativo-clamor-y-desafia-la-hegemonia-del-kirchnerismo-en-el-pj-bonaerense","status":"publish","type":"post","link":"https:\/\/lalupa24.com.ar\/index.php\/2026\/01\/15\/magario-acelera-el-operativo-clamor-y-desafia-la-hegemonia-del-kirchnerismo-en-el-pj-bonaerense\/","title":{"rendered":"MAGARIO ACELERA EL OPERATIVO CLAMOR Y DESAF\u00cdA LA HEGEMON\u00cdA DEL KIRCHNERISMO EN EL PJ BONAERENSE"},"content":{"rendered":"\n<p>La interna del Partido Justicialista de la provincia de Buenos Aires ha entrado en una fase de definiciones cr\u00edticas de cara a las elecciones de autoridades previstas para el 15 de marzo. En este escenario, la vicegobernadora Ver\u00f3nica Magario ha decidido pasar a la ofensiva mediante una campa\u00f1a masiva de afiliaciones y la apertura de locales propios, un movimiento que busca consolidar el &#8220;Movimiento Derecho al Futuro&#8221; como una alternativa de poder real. Esta maniobra no solo intenta robustecer su base territorial, sino que tambi\u00e9n funciona como un mensaje directo hacia la conducci\u00f3n actual, bajo la \u00f3rbita de M\u00e1ximo Kirchner, en un momento donde la lealtad y el liderazgo partidario est\u00e1n bajo un riguroso examen.<\/p>\n\n\n\n<p>El despliegue de Magario no es un hecho aislado, sino parte de una estrategia coordinada con un sector de intendentes y ministros provinciales que responden directamente al gobernador Axel Kicillof. Seg\u00fan fuentes cercanas a la gobernaci\u00f3n, el objetivo es garantizar una representaci\u00f3n equilibrada en los padrones, evitando que la estructura de La C\u00e1mpora monopolice el control del proceso electoral. La carga de nuevas fichas de afiliaci\u00f3n, que tuvo un l\u00edmite operativo fijado para finales de diciembre, se ha convertido ahora en el principal foco de conflicto t\u00e9cnico y pol\u00edtico, ya que cada sector busca validar su peso territorial ante la Junta Electoral partidaria.<sup><\/sup><\/p>\n\n\n\n<p>Desde el entorno del kirchnerismo duro, la respuesta ha sido de cautela pero con advertencias claras sobre la validez de los procesos. La C\u00e1mpora ha recordado, mediante actas oficiales, que solo ser\u00e1n computadas aquellas afiliaciones que cumplieron con los plazos establecidos, intentando as\u00ed frenar el avance de la &#8220;marea naranja&#8221; que impulsa la vicegobernadora. Esta tensi\u00f3n t\u00e9cnica encubre una disputa de fondo mucho m\u00e1s profunda: qui\u00e9n tendr\u00e1 la lapicera para definir las candidaturas de 2027 y cu\u00e1l ser\u00e1 el grado de autonom\u00eda que el peronismo bonaerense tendr\u00e1 respecto a la conducci\u00f3n nacional de Cristina Fern\u00e1ndez de Kirchner.<\/p>\n\n\n\n<p>An\u00e1lisis especializados de la pol\u00edtica provincial sugieren que esta aceleraci\u00f3n en la suma de avales por parte de Magario es una herramienta de negociaci\u00f3n necesaria para evitar una fractura total. Al mostrar m\u00fasculo pol\u00edtico propio, el sector alineado con Kicillof obliga al kirchnerismo a sentarse en una mesa de di\u00e1logo con t\u00e9rminos de igualdad. La unidad, aunque sigue siendo el discurso oficial de ambos lados, hoy parece depender m\u00e1s de un reparto equitativo de cuotas de poder que de una coincidencia ideol\u00f3gica plena en torno a la gesti\u00f3n actual.<\/p>\n\n\n\n<p>El cronograma electoral marca que el pr\u00f3ximo 8 de febrero es la fecha l\u00edmite para la presentaci\u00f3n de listas, lo que deja un margen estrecho para las negociaciones de c\u00fapula.<sup><\/sup> El intendente Leonardo Nardini, quien preside la Junta Electoral del PJ, se encuentra en una posici\u00f3n de mediador clave para evitar que las impugnaciones de padrones escalen a la justicia electoral, lo cual podr\u00eda empa\u00f1ar la legitimidad del proceso.<sup><\/sup> Mientras tanto, en los distritos, la militancia percibe este clima de &#8220;guerra fr\u00eda&#8221; interna como una etapa necesaria para revitalizar un partido que necesita redefinir su identidad opositora.<\/p>\n\n\n\n<p>Hacia el futuro, el desenlace de esta puja en el PJ bonaerense marcar\u00e1 el term\u00f3metro de la resistencia del kicillofismo frente al esquema tradicional de conducci\u00f3n verticalista. Si Magario logra imponer sus condiciones o al menos forzar una lista de unidad con fuerte representaci\u00f3n propia, el tablero pol\u00edtico nacional del peronismo sufrir\u00e1 un desplazamiento de su eje de gravedad. El impacto de estas decisiones se sentir\u00e1 no solo en las urnas de marzo, sino en la capacidad de reconfiguraci\u00f3n de un peronismo que, por ahora, parece m\u00e1s enfocado en sus divisiones internas que en articular una respuesta unificada frente al gobierno central.<\/p>\n","protected":false},"excerpt":{"rendered":"<p>La interna del Partido Justicialista de la provincia de Buenos Aires ha entrado en una fase de definiciones cr\u00edticas de cara a las elecciones de autoridades previstas para el 15 de marzo. En este escenario, la vicegobernadora Ver\u00f3nica Magario ha decidido pasar a la ofensiva mediante una campa\u00f1a masiva de afiliaciones y la apertura de [&hellip;]<\/p>\n","protected":false},"author":2,"featured_media":15769,"comment_status":"open","ping_status":"open","sticky":false,"template":"","format":"standard","meta":{"footnotes":""},"categories":[26],"tags":[],"class_list":{"0":"post-15790","1":"post","2":"type-post","3":"status-publish","4":"format-standard","5":"has-post-thumbnail","7":"category-nacionales"},"aioseo_notices":[],"_links":{"self":[{"href":"https:\/\/lalupa24.com.ar\/index.php\/wp-json\/wp\/v2\/posts\/15790","targetHints":{"allow":["GET"]}}],"collection":[{"href":"https:\/\/lalupa24.com.ar\/index.php\/wp-json\/wp\/v2\/posts"}],"about":[{"href":"https:\/\/lalupa24.com.ar\/index.php\/wp-json\/wp\/v2\/types\/post"}],"author":[{"embeddable":true,"href":"https:\/\/lalupa24.com.ar\/index.php\/wp-json\/wp\/v2\/users\/2"}],"replies":[{"embeddable":true,"href":"https:\/\/lalupa24.com.ar\/index.php\/wp-json\/wp\/v2\/comments?post=15790"}],"version-history":[{"count":1,"href":"https:\/\/lalupa24.com.ar\/index.php\/wp-json\/wp\/v2\/posts\/15790\/revisions"}],"predecessor-version":[{"id":15791,"href":"https:\/\/lalupa24.com.ar\/index.php\/wp-json\/wp\/v2\/posts\/15790\/revisions\/15791"}],"wp:featuredmedia":[{"embeddable":true,"href":"https:\/\/lalupa24.com.ar\/index.php\/wp-json\/wp\/v2\/media\/15769"}],"wp:attachment":[{"href":"https:\/\/lalupa24.com.ar\/index.php\/wp-json\/wp\/v2\/media?parent=15790"}],"wp:term":[{"taxonomy":"category","embeddable":true,"href":"https:\/\/lalupa24.com.ar\/index.php\/wp-json\/wp\/v2\/categories?post=15790"},{"taxonomy":"post_tag","embeddable":true,"href":"https:\/\/lalupa24.com.ar\/index.php\/wp-json\/wp\/v2\/tags?post=15790"}],"curies":[{"name":"wp","href":"https:\/\/api.w.org\/{rel}","templated":true}]}}