{"id":15807,"date":"2026-01-15T12:24:44","date_gmt":"2026-01-15T15:24:44","guid":{"rendered":"https:\/\/lalupa24.com.ar\/?p=15807"},"modified":"2026-01-15T12:24:46","modified_gmt":"2026-01-15T15:24:46","slug":"la-mesa-politica-reactiva-las-reuniones-para-definir-la-estrategia-legislativa-por-la-reforma-laboral","status":"publish","type":"post","link":"https:\/\/lalupa24.com.ar\/index.php\/2026\/01\/15\/la-mesa-politica-reactiva-las-reuniones-para-definir-la-estrategia-legislativa-por-la-reforma-laboral\/","title":{"rendered":"La mesa pol\u00edtica reactiva las reuniones para definir la estrategia legislativa por la Reforma Laboral"},"content":{"rendered":"\n<p>El equipo negociador se reunir\u00e1 el viernes a las 10 en Casa Rosada tras el receso vacacional.<\/p>\n\n\n\n<p>Tras el receso vacacional, la mesa pol\u00edtica que rodea al presidente Javier Milei se reunir\u00e1 por primera vez en el a\u00f1o este viernes a las 10 en Casa Rosada con la definici\u00f3n de la estragia legislativa para encarar los objetivos veraniegos.<\/p>\n\n\n\n<p>El &nbsp;jefe de Gabinete, Manuel Adorni, anticip\u00f3 la convocatoria a la reuni\u00f3n que inicialmente se realizar\u00e1 el lunes 19 de enero para ordenar la l\u00ednea que desplegar\u00e1 la mesa encargada de sumar voluntades para alcanzar la sanci\u00f3n de la Reforma Laboral, una de las obsesiones del presidente Javier Milei.<\/p>\n\n\n\n<p>Para eso, este viernes volver\u00e1n a verse las caras en el despacho del ministro coordinador la jefa de bloque de La Libertad Avanza en el Senado, Patricia Bullrich; el titular de la C\u00e1mara de Diputados, Mart\u00edn Menem; el armador Eduardo \u201cLule\u201d Menem; el ministro del Interior, Diego Santilli; y el asesor presidencial, Santiago Caputo.<\/p>\n\n\n\n<p>Lo cierto es que la articulaci\u00f3n pol\u00edtica deber\u00e1 resolver el temario que enviar\u00e1n, del que podr\u00eda quedar afuera la Reforma del C\u00f3digo Penal bajo la idea de concentrar esfuerzos en la aprobaci\u00f3n del proyecto de \u201cModernizaci\u00f3n\u201d Laboral y la fecha de inicio de sesiones extraordinarias prevista para el lunes 2 de febrero.<\/p>\n\n\n\n<p>\u201cEs probable que se postergue el tratamiento. Es la misma l\u00f3gica que tuvimos con la Laboral en diciembre: enfocar energ\u00edas en tener el proyecto de Modernizaci\u00f3n\u201d, confes\u00f3 a este medio una importante fuente de la administraci\u00f3n libertaria.<\/p>\n\n\n\n<p>Lo cierto es que tras el parate de los primeros d\u00edas de enero, en el que los funcionarios y legisladores estuvieron habilitados a tomarse algunos d\u00edas para vacacionar, el Poder Ejecutivo deber\u00e1 reactivar la agenda si aspira a anotarse un nuevo triunfo legislativo.<\/p>\n\n\n\n<p>Los \u00fanicos que se mostraron en actividad, incluso durante los primeros d\u00edas de enero fueron el mandatario, el asesor presidencial y el ministro del Interior, que protagoniz\u00f3 recorridas por el interior del pa\u00eds.<\/p>\n","protected":false},"excerpt":{"rendered":"<p>El equipo negociador se reunir\u00e1 el viernes a las 10 en Casa Rosada tras el receso vacacional. Tras el receso vacacional, la mesa pol\u00edtica que rodea al presidente Javier Milei se reunir\u00e1 por primera vez en el a\u00f1o este viernes a las 10 en Casa Rosada con la definici\u00f3n de la estragia legislativa para encarar [&hellip;]<\/p>\n","protected":false},"author":11,"featured_media":15816,"comment_status":"open","ping_status":"open","sticky":false,"template":"","format":"standard","meta":{"footnotes":""},"categories":[26],"tags":[],"class_list":{"0":"post-15807","1":"post","2":"type-post","3":"status-publish","4":"format-standard","5":"has-post-thumbnail","7":"category-nacionales"},"aioseo_notices":[],"_links":{"self":[{"href":"https:\/\/lalupa24.com.ar\/index.php\/wp-json\/wp\/v2\/posts\/15807","targetHints":{"allow":["GET"]}}],"collection":[{"href":"https:\/\/lalupa24.com.ar\/index.php\/wp-json\/wp\/v2\/posts"}],"about":[{"href":"https:\/\/lalupa24.com.ar\/index.php\/wp-json\/wp\/v2\/types\/post"}],"author":[{"embeddable":true,"href":"https:\/\/lalupa24.com.ar\/index.php\/wp-json\/wp\/v2\/users\/11"}],"replies":[{"embeddable":true,"href":"https:\/\/lalupa24.com.ar\/index.php\/wp-json\/wp\/v2\/comments?post=15807"}],"version-history":[{"count":1,"href":"https:\/\/lalupa24.com.ar\/index.php\/wp-json\/wp\/v2\/posts\/15807\/revisions"}],"predecessor-version":[{"id":15829,"href":"https:\/\/lalupa24.com.ar\/index.php\/wp-json\/wp\/v2\/posts\/15807\/revisions\/15829"}],"wp:featuredmedia":[{"embeddable":true,"href":"https:\/\/lalupa24.com.ar\/index.php\/wp-json\/wp\/v2\/media\/15816"}],"wp:attachment":[{"href":"https:\/\/lalupa24.com.ar\/index.php\/wp-json\/wp\/v2\/media?parent=15807"}],"wp:term":[{"taxonomy":"category","embeddable":true,"href":"https:\/\/lalupa24.com.ar\/index.php\/wp-json\/wp\/v2\/categories?post=15807"},{"taxonomy":"post_tag","embeddable":true,"href":"https:\/\/lalupa24.com.ar\/index.php\/wp-json\/wp\/v2\/tags?post=15807"}],"curies":[{"name":"wp","href":"https:\/\/api.w.org\/{rel}","templated":true}]}}