{"id":15826,"date":"2026-01-15T10:56:26","date_gmt":"2026-01-15T13:56:26","guid":{"rendered":"https:\/\/lalupa24.com.ar\/?p=15826"},"modified":"2026-01-15T10:56:27","modified_gmt":"2026-01-15T13:56:27","slug":"la-seguridad-tambien-se-construye-con-verdadera-inclusion","status":"publish","type":"post","link":"https:\/\/lalupa24.com.ar\/index.php\/2026\/01\/15\/la-seguridad-tambien-se-construye-con-verdadera-inclusion\/","title":{"rendered":"LA SEGURIDAD, TAMBI\u00c9N SE CONSTRUYE CON VERDADERA INCLUSI\u00d3N"},"content":{"rendered":"\n<h4 class=\"wp-block-heading\"><strong>El Ministro de Seguridad, Hugo Matkovich, expres\u00f3 con satisfacci\u00f3n: \u201cLas tres comunidades mayoritarias integraron esta promoci\u00f3n de agentes de Polic\u00eda. Hoy, alrededor de 22 integrantes representan a nuestras comunidades y se suman a la fuerza policial\u201d.<\/strong><br>El Gobierno Provincial, a trav\u00e9s del Ministerio de Seguridad, reafirma con esta medida que la inclusi\u00f3n no queda en un discurso, sino que es una realidad palpable en la provincia. La presencia de los uniformados es esencial, tanto para la instituci\u00f3n como para las comunidades a las cuales representan.<\/h4>\n\n\n\n<p>El compromiso asumido por los nuevos agentes va m\u00e1s all\u00e1 de portar el uniforme: se les pidi\u00f3 que trabajen en cada pueblo como puentes de comunicaci\u00f3n, que acompa\u00f1en a sus comunidades en cada situaci\u00f3n y que colaboren en la prevenci\u00f3n de hechos delictivos protegiendo a todos los chaque\u00f1os. \u201cEstamos realmente muy contentos porque de esta manera se demuestra la verdadera inclusi\u00f3n. Las comunidades tendr\u00e1n 22 nuevos agentes a su servicio, junto a toda la Polic\u00eda del Chaco, dispuestos a protegerlos\u201d, concluy\u00f3 Matkovich.<\/p>\n\n\n\n<p>Este acontecimiento marca un momento trascendente en la historia de la provincia, donde la diversidad cultural se convierte en fortaleza y la seguridad se construye con la participaci\u00f3n de todos.<\/p>\n\n\n\n<p><\/p>\n","protected":false},"excerpt":{"rendered":"<p>El Ministro de Seguridad, Hugo Matkovich, expres\u00f3 con satisfacci\u00f3n: \u201cLas tres comunidades mayoritarias integraron esta promoci\u00f3n de agentes de Polic\u00eda. Hoy, alrededor de 22 integrantes representan a nuestras comunidades y se suman a la fuerza policial\u201d.El Gobierno Provincial, a trav\u00e9s del Ministerio de Seguridad, reafirma con esta medida que la inclusi\u00f3n no queda en un [&hellip;]<\/p>\n","protected":false},"author":2,"featured_media":15827,"comment_status":"open","ping_status":"open","sticky":false,"template":"","format":"standard","meta":{"footnotes":""},"categories":[28],"tags":[],"class_list":{"0":"post-15826","1":"post","2":"type-post","3":"status-publish","4":"format-standard","5":"has-post-thumbnail","7":"category-locales"},"aioseo_notices":[],"_links":{"self":[{"href":"https:\/\/lalupa24.com.ar\/index.php\/wp-json\/wp\/v2\/posts\/15826","targetHints":{"allow":["GET"]}}],"collection":[{"href":"https:\/\/lalupa24.com.ar\/index.php\/wp-json\/wp\/v2\/posts"}],"about":[{"href":"https:\/\/lalupa24.com.ar\/index.php\/wp-json\/wp\/v2\/types\/post"}],"author":[{"embeddable":true,"href":"https:\/\/lalupa24.com.ar\/index.php\/wp-json\/wp\/v2\/users\/2"}],"replies":[{"embeddable":true,"href":"https:\/\/lalupa24.com.ar\/index.php\/wp-json\/wp\/v2\/comments?post=15826"}],"version-history":[{"count":1,"href":"https:\/\/lalupa24.com.ar\/index.php\/wp-json\/wp\/v2\/posts\/15826\/revisions"}],"predecessor-version":[{"id":15828,"href":"https:\/\/lalupa24.com.ar\/index.php\/wp-json\/wp\/v2\/posts\/15826\/revisions\/15828"}],"wp:featuredmedia":[{"embeddable":true,"href":"https:\/\/lalupa24.com.ar\/index.php\/wp-json\/wp\/v2\/media\/15827"}],"wp:attachment":[{"href":"https:\/\/lalupa24.com.ar\/index.php\/wp-json\/wp\/v2\/media?parent=15826"}],"wp:term":[{"taxonomy":"category","embeddable":true,"href":"https:\/\/lalupa24.com.ar\/index.php\/wp-json\/wp\/v2\/categories?post=15826"},{"taxonomy":"post_tag","embeddable":true,"href":"https:\/\/lalupa24.com.ar\/index.php\/wp-json\/wp\/v2\/tags?post=15826"}],"curies":[{"name":"wp","href":"https:\/\/api.w.org\/{rel}","templated":true}]}}