{"id":15830,"date":"2026-01-17T12:14:32","date_gmt":"2026-01-17T15:14:32","guid":{"rendered":"https:\/\/lalupa24.com.ar\/?p=15830"},"modified":"2026-01-17T12:14:33","modified_gmt":"2026-01-17T15:14:33","slug":"mercosur-y-union-europea-sellan-acuerdo-historico-el-impacto-en-la-agenda-estrategica-y-la-ausencia-de-lula-da-silva","status":"publish","type":"post","link":"https:\/\/lalupa24.com.ar\/index.php\/2026\/01\/17\/mercosur-y-union-europea-sellan-acuerdo-historico-el-impacto-en-la-agenda-estrategica-y-la-ausencia-de-lula-da-silva\/","title":{"rendered":"MERCOSUR Y UNI\u00d3N EUROPEA SELLAN ACUERDO HIST\u00d3RICO: EL IMPACTO EN LA AGENDA ESTRAT\u00c9GICA Y LA AUSENCIA DE LULA DA SILVA"},"content":{"rendered":"\n<hr class=\"wp-block-separator has-alpha-channel-opacity\"\/>\n\n\n\n<p>Tras m\u00e1s de dos d\u00e9cadas de negociaciones interrumpidas, el Mercosur y la Uni\u00f3n Europea (UE) concretan hoy la firma de un acuerdo de libre comercio que promete reconfigurar el mapa geopol\u00edtico y econ\u00f3mico del Cono Sur. Este tratado, considerado un hito en la pol\u00edtica exterior regional, busca eliminar barreras arancelarias para el acceso a un mercado de m\u00e1s de 800 millones de consumidores, facilitando la exportaci\u00f3n de bienes agr\u00edcolas sudamericanos y la importaci\u00f3n de tecnolog\u00eda y servicios europeos. La formalizaci\u00f3n del v\u00ednculo se produce en un momento de reordenamiento de las alianzas globales, donde la apertura comercial se presenta como el eje central para el crecimiento de las econom\u00edas emergentes.<\/p>\n\n\n\n<p>Para el gobierno de Javier Milei, este pacto representa un triunfo diplom\u00e1tico y una validaci\u00f3n de su programa de apertura econ\u00f3mica total. Seg\u00fan fuentes del Palacio San Mart\u00edn, la implementaci\u00f3n del acuerdo no solo incrementar\u00e1 el Producto Interno Bruto (PIB) de los pa\u00edses miembros, sino que tambi\u00e9n obligar\u00e1 a una armonizaci\u00f3n regulatoria que elevar\u00e1 los est\u00e1ndares de producci\u00f3n local. Expertos en comercio exterior se\u00f1alan que Argentina podr\u00eda posicionarse como un socio estrat\u00e9gico para Europa, especialmente en sectores clave como la energ\u00eda, el litio y los agronegocios, en un contexto de diversificaci\u00f3n de proveedores para el Viejo Continente.<\/p>\n\n\n\n<p>Sin embargo, el evento se ve matizado por la notable ausencia del presidente de Brasil, Luiz In\u00e1cio Lula da Silva, cuya decisi\u00f3n de no asistir presencialmente ha generado diversas lecturas pol\u00edticas. Si bien Brasilia ha mantenido su compromiso t\u00e9cnico con el bloque, el faltazo del mandatario brasile\u00f1o evidencia las tensiones ideol\u00f3gicas persistentes respecto a las exigencias medioambientales impuestas por Bruselas. La ausencia de la econom\u00eda m\u00e1s grande de la regi\u00f3n en la fotograf\u00eda oficial del acuerdo subraya la complejidad de un Mercosur que, aunque avanza en lo comercial, sigue mostrando grietas en su cohesi\u00f3n pol\u00edtica interna.<\/p>\n\n\n\n<p>Desde la perspectiva de la Uni\u00f3n Europea, el cierre de este tratado es visto como una maniobra estrat\u00e9gica para contrarrestar la creciente influencia de China en Am\u00e9rica Latina. Informes de la Comisi\u00f3n Europea indican que el acceso preferencial a los recursos naturales del bloque sudamericano es vital para la transici\u00f3n energ\u00e9tica europea y la seguridad alimentaria. A cambio, los pa\u00edses del Mercosur obtendr\u00e1n un flujo de inversiones directas que, de ser bien canalizadas, podr\u00edan modernizar la infraestructura regional y potenciar la creaci\u00f3n de empleo en sectores de alto valor agregado.<\/p>\n\n\n\n<p>No obstante, sectores industriales de la regi\u00f3n han manifestado cierta cautela ante la posible asimetr\u00eda en la competencia con las manufacturas europeas. Organizaciones gremiales y c\u00e1maras empresariales locales advierten sobre la necesidad de plazos de adaptaci\u00f3n y pol\u00edticas de apoyo para que las peque\u00f1as y medianas empresas puedan sobrevivir en un mercado abierto. El desaf\u00edo para las administraciones nacionales radicar\u00e1 en gestionar esta transici\u00f3n sin erosionar el tejido productivo interno, garantizando que los beneficios del libre comercio se distribuyan de manera equitativa entre los diversos actores sociales.<\/p>\n\n\n\n<p>El impacto futuro de este hist\u00f3rico acuerdo depender\u00e1 en gran medida del proceso de ratificaci\u00f3n en los parlamentos de cada naci\u00f3n involucrada, un camino que podr\u00eda presentar obst\u00e1culos legislativos significativos. A largo plazo, el tratado Mercosur-UE tiene el potencial de convertirse en la piedra angular de una integraci\u00f3n transatl\u00e1ntica sin precedentes, alterando los flujos de inversi\u00f3n extranjera directa y consolidando un bloque de democracias occidentales alineadas en valores comerciales y geopol\u00edticos frente a los desaf\u00edos del siglo XXI.<\/p>\n","protected":false},"excerpt":{"rendered":"<p>Tras m\u00e1s de dos d\u00e9cadas de negociaciones interrumpidas, el Mercosur y la Uni\u00f3n Europea (UE) concretan hoy la firma de un acuerdo de libre comercio que promete reconfigurar el mapa geopol\u00edtico y econ\u00f3mico del Cono Sur. Este tratado, considerado un hito en la pol\u00edtica exterior regional, busca eliminar barreras arancelarias para el acceso a un [&hellip;]<\/p>\n","protected":false},"author":2,"featured_media":15831,"comment_status":"open","ping_status":"open","sticky":false,"template":"","format":"standard","meta":{"footnotes":""},"categories":[25],"tags":[],"class_list":{"0":"post-15830","1":"post","2":"type-post","3":"status-publish","4":"format-standard","5":"has-post-thumbnail","7":"category-internacionales"},"aioseo_notices":[],"_links":{"self":[{"href":"https:\/\/lalupa24.com.ar\/index.php\/wp-json\/wp\/v2\/posts\/15830","targetHints":{"allow":["GET"]}}],"collection":[{"href":"https:\/\/lalupa24.com.ar\/index.php\/wp-json\/wp\/v2\/posts"}],"about":[{"href":"https:\/\/lalupa24.com.ar\/index.php\/wp-json\/wp\/v2\/types\/post"}],"author":[{"embeddable":true,"href":"https:\/\/lalupa24.com.ar\/index.php\/wp-json\/wp\/v2\/users\/2"}],"replies":[{"embeddable":true,"href":"https:\/\/lalupa24.com.ar\/index.php\/wp-json\/wp\/v2\/comments?post=15830"}],"version-history":[{"count":1,"href":"https:\/\/lalupa24.com.ar\/index.php\/wp-json\/wp\/v2\/posts\/15830\/revisions"}],"predecessor-version":[{"id":15852,"href":"https:\/\/lalupa24.com.ar\/index.php\/wp-json\/wp\/v2\/posts\/15830\/revisions\/15852"}],"wp:featuredmedia":[{"embeddable":true,"href":"https:\/\/lalupa24.com.ar\/index.php\/wp-json\/wp\/v2\/media\/15831"}],"wp:attachment":[{"href":"https:\/\/lalupa24.com.ar\/index.php\/wp-json\/wp\/v2\/media?parent=15830"}],"wp:term":[{"taxonomy":"category","embeddable":true,"href":"https:\/\/lalupa24.com.ar\/index.php\/wp-json\/wp\/v2\/categories?post=15830"},{"taxonomy":"post_tag","embeddable":true,"href":"https:\/\/lalupa24.com.ar\/index.php\/wp-json\/wp\/v2\/tags?post=15830"}],"curies":[{"name":"wp","href":"https:\/\/api.w.org\/{rel}","templated":true}]}}