{"id":15855,"date":"2026-01-17T12:15:21","date_gmt":"2026-01-17T15:15:21","guid":{"rendered":"https:\/\/lalupa24.com.ar\/?p=15855"},"modified":"2026-01-17T12:15:22","modified_gmt":"2026-01-17T15:15:22","slug":"gesto-politico-y-tradicion-javier-milei-celebra-en-jesus-maria-y-reivindica-el-apoyo-electoral-estrategico-de-cordoba","status":"publish","type":"post","link":"https:\/\/lalupa24.com.ar\/index.php\/2026\/01\/17\/gesto-politico-y-tradicion-javier-milei-celebra-en-jesus-maria-y-reivindica-el-apoyo-electoral-estrategico-de-cordoba\/","title":{"rendered":"GESTO POL\u00cdTICO Y TRADICI\u00d3N: JAVIER MILEI CELEBRA EN JES\u00daS MAR\u00cdA Y REIVINDICA EL APOYO ELECTORAL ESTRAT\u00c9GICO DE C\u00d3RDOBA"},"content":{"rendered":"\n<p>El Festival de Jes\u00fas Mar\u00eda fue escenario de un evento inusual y de alta carga simb\u00f3lica cuando el presidente Javier Milei se uni\u00f3 al Chaque\u00f1o Palavecino sobre el escenario para interpretar fragmentos del cancionero popular argentino. M\u00e1s all\u00e1 de la an\u00e9cdota musical, la presencia del mandatario en uno de los festivales m\u00e1s tradicionales del pa\u00eds represent\u00f3 un acto de gratitud pol\u00edtica hacia la provincia de C\u00f3rdoba. Durante su intervenci\u00f3n, Milei agradeci\u00f3 enf\u00e1ticamente al pueblo cordob\u00e9s, se\u00f1alando que el masivo apoyo recibido en dicha jurisdicci\u00f3n fue el motor decisivo que le permiti\u00f3 alcanzar la presidencia en el pasado proceso electoral.<\/p>\n\n\n\n<p>La elecci\u00f3n de este escenario no es azarosa, ya que C\u00f3rdoba se ha consolidado como el basti\u00f3n electoral m\u00e1s s\u00f3lido para el proyecto libertario, aportando un caudal de votos que result\u00f3 irreversible para sus competidores. Seg\u00fan analistas pol\u00edticos, este tipo de apariciones en eventos de raigambre popular busca fortalecer la conexi\u00f3n directa del presidente con su base electoral, lejos de la formalidad de los despachos oficiales en Buenos Aires. Al mostrarse junto a figuras ic\u00f3nicas de la cultura nacional, el Ejecutivo intenta matizar su perfil t\u00e9cnico con una imagen de cercan\u00eda hacia los valores del interior productivo del pa\u00eds.<\/p>\n\n\n\n<p>Durante su discurso improvisado, el Jefe de Estado vincul\u00f3 la identidad cordobesa con el esp\u00edritu de rebeld\u00eda y autonom\u00eda que promueve su gesti\u00f3n, resaltando que la provincia es un ejemplo de resistencia ante el centralismo fiscal. La menci\u00f3n a C\u00f3rdoba como la &#8220;cuna de la libertad&#8221; refuerza la narrativa oficial que busca descentralizar el poder y devolver protagonismo a las fuerzas vivas de las provincias. Este gesto ocurre en un momento donde la relaci\u00f3n con los gobernadores del interior es clave para la aprobaci\u00f3n de reformas legislativas pendientes en el Congreso Nacional.<\/p>\n\n\n\n<p>La repercusi\u00f3n en el p\u00fablico presente fue mayoritariamente positiva, reflejando que el fen\u00f3meno Milei mantiene una vigencia notable en los sectores rurales y productivos que se dan cita en el festival de doma y folklore. Sin embargo, la mezcla de pol\u00edtica y espect\u00e1culos populares tambi\u00e9n gener\u00f3 debates sobre la utilizaci\u00f3n de espacios culturales para la comunicaci\u00f3n gubernamental. Desde el Ministerio de Capital Humano, se defendi\u00f3 la presencia presidencial como una forma de revalorizar las fiestas nacionales y fomentar el turismo interno a trav\u00e9s de la presencia de las m\u00e1ximas autoridades.<\/p>\n\n\n\n<p>En t\u00e9rminos de comunicaci\u00f3n pol\u00edtica, el evento funcion\u00f3 como una pieza de marketing viral que r\u00e1pidamente inund\u00f3 las redes sociales, permitiendo que el mensaje de agradecimiento del presidente llegara a sectores que no consumen los canales de informaci\u00f3n tradicionales. Esta estrategia de &#8220;territorialidad emocional&#8221; le permite al gobierno sostener sus niveles de aprobaci\u00f3n a pesar de los desaf\u00edos econ\u00f3micos actuales. La alianza entre Milei y el electorado cordob\u00e9s parece fortalecerse con cada gesto de reciprocidad, consolidando un eje pol\u00edtico-geogr\u00e1fico que es vital para la gobernabilidad del pa\u00eds.<\/p>\n\n\n\n<p>Mirando hacia las elecciones legislativas del pr\u00f3ximo a\u00f1o, el sostenimiento del idilio con C\u00f3rdoba ser\u00e1 fundamental para que el partido gobernante pueda expandir su representaci\u00f3n territorial. La visita a Jes\u00fas Mar\u00eda no fue solo un momento de distracci\u00f3n festiva, sino una confirmaci\u00f3n de que el Gobierno nacional entiende a la provincia mediterr\u00e1nea como su principal centro de gravedad pol\u00edtica. En adelante, es probable que se profundicen las transferencias de obra p\u00fablica y los incentivos para el sector agroindustrial cordob\u00e9s, sellando un pacto que naci\u00f3 en las urnas y se ratifica hoy en los escenarios del folklore.<\/p>\n","protected":false},"excerpt":{"rendered":"<p>El Festival de Jes\u00fas Mar\u00eda fue escenario de un evento inusual y de alta carga simb\u00f3lica cuando el presidente Javier Milei se uni\u00f3 al Chaque\u00f1o Palavecino sobre el escenario para interpretar fragmentos del cancionero popular argentino. M\u00e1s all\u00e1 de la an\u00e9cdota musical, la presencia del mandatario en uno de los festivales m\u00e1s tradicionales del pa\u00eds [&hellip;]<\/p>\n","protected":false},"author":2,"featured_media":15833,"comment_status":"open","ping_status":"open","sticky":false,"template":"","format":"standard","meta":{"footnotes":""},"categories":[26],"tags":[],"class_list":{"0":"post-15855","1":"post","2":"type-post","3":"status-publish","4":"format-standard","5":"has-post-thumbnail","7":"category-nacionales"},"aioseo_notices":[],"_links":{"self":[{"href":"https:\/\/lalupa24.com.ar\/index.php\/wp-json\/wp\/v2\/posts\/15855","targetHints":{"allow":["GET"]}}],"collection":[{"href":"https:\/\/lalupa24.com.ar\/index.php\/wp-json\/wp\/v2\/posts"}],"about":[{"href":"https:\/\/lalupa24.com.ar\/index.php\/wp-json\/wp\/v2\/types\/post"}],"author":[{"embeddable":true,"href":"https:\/\/lalupa24.com.ar\/index.php\/wp-json\/wp\/v2\/users\/2"}],"replies":[{"embeddable":true,"href":"https:\/\/lalupa24.com.ar\/index.php\/wp-json\/wp\/v2\/comments?post=15855"}],"version-history":[{"count":1,"href":"https:\/\/lalupa24.com.ar\/index.php\/wp-json\/wp\/v2\/posts\/15855\/revisions"}],"predecessor-version":[{"id":15856,"href":"https:\/\/lalupa24.com.ar\/index.php\/wp-json\/wp\/v2\/posts\/15855\/revisions\/15856"}],"wp:featuredmedia":[{"embeddable":true,"href":"https:\/\/lalupa24.com.ar\/index.php\/wp-json\/wp\/v2\/media\/15833"}],"wp:attachment":[{"href":"https:\/\/lalupa24.com.ar\/index.php\/wp-json\/wp\/v2\/media?parent=15855"}],"wp:term":[{"taxonomy":"category","embeddable":true,"href":"https:\/\/lalupa24.com.ar\/index.php\/wp-json\/wp\/v2\/categories?post=15855"},{"taxonomy":"post_tag","embeddable":true,"href":"https:\/\/lalupa24.com.ar\/index.php\/wp-json\/wp\/v2\/tags?post=15855"}],"curies":[{"name":"wp","href":"https:\/\/api.w.org\/{rel}","templated":true}]}}