{"id":15863,"date":"2026-01-17T12:17:53","date_gmt":"2026-01-17T15:17:53","guid":{"rendered":"https:\/\/lalupa24.com.ar\/?p=15863"},"modified":"2026-01-17T12:17:54","modified_gmt":"2026-01-17T15:17:54","slug":"prioridades-legislativas-el-gobierno-apuesta-a-la-reforma-laboral-y-posterga-el-alivio-impositivo","status":"publish","type":"post","link":"https:\/\/lalupa24.com.ar\/index.php\/2026\/01\/17\/prioridades-legislativas-el-gobierno-apuesta-a-la-reforma-laboral-y-posterga-el-alivio-impositivo\/","title":{"rendered":"PRIORIDADES LEGISLATIVAS: EL GOBIERNO APUESTA A LA REFORMA LABORAL Y POSTERGA EL ALIVIO IMPOSITIVO"},"content":{"rendered":"\n<p>En un movimiento estrat\u00e9gico dentro de su agenda parlamentaria, el Gobierno Nacional ha decidido concentrar todos sus esfuerzos pol\u00edticos en la aprobaci\u00f3n de la reforma laboral, relegando temporalmente otros proyectos clave como la baja de impuestos y las modificaciones al C\u00f3digo Penal. Esta decisi\u00f3n responde a la necesidad de generar se\u00f1ales inmediatas de previsibilidad para las inversiones y fomentar la creaci\u00f3n de empleo registrado en un contexto econ\u00f3mico desafiante. Desde el Poder Ejecutivo sostienen que la modernizaci\u00f3n de las relaciones laborales es la &#8220;piedra angular&#8221; necesaria para reactivar el aparato productivo.<\/p>\n\n\n\n<p>La estrategia oficial implica priorizar el consenso con bloques opositores dialoguistas y sectores empresariales que reclaman una reducci\u00f3n de los costos de contrataci\u00f3n y de la litigiosidad laboral. Seg\u00fan fuentes cercanas a la Jefatura de Gabinete, la decisi\u00f3n de postergar la reducci\u00f3n de la presi\u00f3n impositiva se debe estrictamente a la meta de equilibrio fiscal, argumentando que no hay margen para resignar ingresos p\u00fablicos en el corto plazo sin comprometer la estabilidad macroecon\u00f3mica. Esta priorizaci\u00f3n ha generado debates intensos dentro de la propia coalici\u00f3n de gobierno y con sectores que esperaban un alivio fiscal m\u00e1s inmediato.<\/p>\n\n\n\n<p>Analistas econ\u00f3micos coinciden en que la reforma laboral es un paso demandado por el mercado, pero advierten que la postergaci\u00f3n de los cambios impositivos podr\u00eda ralentizar la velocidad de la recuperaci\u00f3n. El proyecto busca flexibilizar ciertos mecanismos de indemnizaci\u00f3n y extender los periodos de prueba, medidas que cuentan con el rechazo rotundo de las centrales sindicales, las cuales ya han anunciado medidas de fuerza en respuesta. El Gobierno, por su parte, conf\u00eda en que la aprobaci\u00f3n de estas reformas enviar\u00e1 un mensaje de orden y modernizaci\u00f3n a los organismos de cr\u00e9dito internacionales.<\/p>\n\n\n\n<p>En cuanto a los cambios en el C\u00f3digo Penal, la decisi\u00f3n de dejarlos en un segundo plano responde a una saturaci\u00f3n de la agenda legislativa y a la complejidad t\u00e9cnica que requieren dichas reformas. Desde el Ministerio de Justicia indicaron que, si bien la lucha contra la inseguridad sigue siendo una prioridad, el foco actual debe estar puesto en las herramientas que permitan estabilizar la econom\u00eda. Se espera que el debate penal se retome en el segundo semestre del a\u00f1o, una vez que los indicadores de actividad econ\u00f3mica muestren signos de consolidaci\u00f3n.<\/p>\n\n\n\n<p>La reacci\u00f3n de los sectores productivos ha sido mixta. Mientras que las peque\u00f1as y medianas empresas (PyMEs) celebran la intenci\u00f3n de reducir la carga laboral, lamentan que la estructura de impuestos siga siendo un obst\u00e1culo para su competitividad. Por otro lado, la oposici\u00f3n cr\u00edtica sostiene que el enfoque gubernamental descuida la protecci\u00f3n del trabajador en favor de una &#8220;desregulaci\u00f3n excesiva&#8221;. Esta polarizaci\u00f3n de visiones asegura un debate legislativo arduo, donde cada art\u00edculo de la reforma laboral ser\u00e1 negociado bajo la lupa de la opini\u00f3n p\u00fablica.<\/p>\n\n\n\n<p>El \u00e9xito de esta hoja de ruta legislativa depender\u00e1 de la capacidad del oficialismo para articular mayor\u00edas en un Congreso fragmentado. De lograrse la reforma laboral, el Gobierno espera que la consecuente reactivaci\u00f3n econ\u00f3mica facilite, finalmente, la implementaci\u00f3n de la baja de impuestos hacia finales de a\u00f1o. La proyecci\u00f3n oficial es que, para el 2027, el pa\u00eds cuente con un marco normativo m\u00e1s \u00e1gil, aunque el costo pol\u00edtico de estas prioridades se medir\u00e1 en el humor social de los pr\u00f3ximos meses y en la evoluci\u00f3n de los \u00edndices de empleo.<\/p>\n","protected":false},"excerpt":{"rendered":"<p>En un movimiento estrat\u00e9gico dentro de su agenda parlamentaria, el Gobierno Nacional ha decidido concentrar todos sus esfuerzos pol\u00edticos en la aprobaci\u00f3n de la reforma laboral, relegando temporalmente otros proyectos clave como la baja de impuestos y las modificaciones al C\u00f3digo Penal. Esta decisi\u00f3n responde a la necesidad de generar se\u00f1ales inmediatas de previsibilidad para [&hellip;]<\/p>\n","protected":false},"author":2,"featured_media":15837,"comment_status":"open","ping_status":"open","sticky":false,"template":"","format":"standard","meta":{"footnotes":""},"categories":[26],"tags":[],"class_list":{"0":"post-15863","1":"post","2":"type-post","3":"status-publish","4":"format-standard","5":"has-post-thumbnail","7":"category-nacionales"},"aioseo_notices":[],"_links":{"self":[{"href":"https:\/\/lalupa24.com.ar\/index.php\/wp-json\/wp\/v2\/posts\/15863","targetHints":{"allow":["GET"]}}],"collection":[{"href":"https:\/\/lalupa24.com.ar\/index.php\/wp-json\/wp\/v2\/posts"}],"about":[{"href":"https:\/\/lalupa24.com.ar\/index.php\/wp-json\/wp\/v2\/types\/post"}],"author":[{"embeddable":true,"href":"https:\/\/lalupa24.com.ar\/index.php\/wp-json\/wp\/v2\/users\/2"}],"replies":[{"embeddable":true,"href":"https:\/\/lalupa24.com.ar\/index.php\/wp-json\/wp\/v2\/comments?post=15863"}],"version-history":[{"count":1,"href":"https:\/\/lalupa24.com.ar\/index.php\/wp-json\/wp\/v2\/posts\/15863\/revisions"}],"predecessor-version":[{"id":15864,"href":"https:\/\/lalupa24.com.ar\/index.php\/wp-json\/wp\/v2\/posts\/15863\/revisions\/15864"}],"wp:featuredmedia":[{"embeddable":true,"href":"https:\/\/lalupa24.com.ar\/index.php\/wp-json\/wp\/v2\/media\/15837"}],"wp:attachment":[{"href":"https:\/\/lalupa24.com.ar\/index.php\/wp-json\/wp\/v2\/media?parent=15863"}],"wp:term":[{"taxonomy":"category","embeddable":true,"href":"https:\/\/lalupa24.com.ar\/index.php\/wp-json\/wp\/v2\/categories?post=15863"},{"taxonomy":"post_tag","embeddable":true,"href":"https:\/\/lalupa24.com.ar\/index.php\/wp-json\/wp\/v2\/tags?post=15863"}],"curies":[{"name":"wp","href":"https:\/\/api.w.org\/{rel}","templated":true}]}}