{"id":15865,"date":"2026-01-17T12:18:54","date_gmt":"2026-01-17T15:18:54","guid":{"rendered":"https:\/\/lalupa24.com.ar\/?p=15865"},"modified":"2026-01-17T12:18:55","modified_gmt":"2026-01-17T15:18:55","slug":"incertidumbre-y-cautela-el-sector-empresarial-proyecta-un-arranque-moderado-para-la-economia-en-2026","status":"publish","type":"post","link":"https:\/\/lalupa24.com.ar\/index.php\/2026\/01\/17\/incertidumbre-y-cautela-el-sector-empresarial-proyecta-un-arranque-moderado-para-la-economia-en-2026\/","title":{"rendered":"INCERTIDUMBRE Y CAUTELA: EL SECTOR EMPRESARIAL PROYECTA UN ARRANQUE MODERADO PARA LA ECONOM\u00cdA EN 2026"},"content":{"rendered":"\n<p>El inicio del ciclo econ\u00f3mico de 2026 ha estado marcado por una notable tibieza, generando un clima de expectativa moderada entre los principales referentes del sector privado. Tras un a\u00f1o de ajustes estructurales, las proyecciones para el primer trimestre reflejan una postura de &#8220;esperar y ver&#8221;, donde la reactivaci\u00f3n del consumo y la estabilidad de las variables macroecon\u00f3micas se posicionan como los ejes cr\u00edticos para determinar el rumbo del a\u00f1o. Esta cautela no es casual, sino el resultado de un an\u00e1lisis profundo sobre la capacidad de recuperaci\u00f3n del mercado interno frente a los desaf\u00edos globales.<\/p>\n\n\n\n<p>De acuerdo con diversos relevamientos de c\u00e1maras empresariales y consultoras econ\u00f3micas, el optimismo desmedido ha dado paso a un pragmatismo riguroso. Los ejecutivos coinciden en que, si bien se han despejado algunos nubarrones inflacionarios, la demanda a\u00fan no muestra se\u00f1ales de un repunte vigoroso. Un informe reciente de la Uni\u00f3n Industrial destaca que la planificaci\u00f3n de inversiones para este periodo se mantiene en niveles m\u00ednimos, priorizando el mantenimiento de la operatividad sobre la expansi\u00f3n de capacidad instalada, a la espera de se\u00f1ales fiscales m\u00e1s claras.<\/p>\n\n\n\n<p>El contexto financiero tambi\u00e9n juega un rol determinante en este escenario. Expertos del sector bancario se\u00f1alan que el acceso al cr\u00e9dito, aunque ha mejorado levemente en t\u00e9rminos de tasas, sigue siendo restringido para las peque\u00f1as y medianas empresas, que representan el motor del empleo privado. La incertidumbre sobre la pol\u00edtica cambiaria y la evoluci\u00f3n de los costos log\u00edsticos son factores que los empresarios mencionan de forma recurrente como los principales obst\u00e1culos para proyectar un crecimiento de dos d\u00edgitos en el corto plazo.<\/p>\n\n\n\n<p>En t\u00e9rminos de sectores, se observa una disparidad significativa en el desempe\u00f1o proyectado. Mientras que la industria del conocimiento y la energ\u00eda contin\u00faan mostrando una din\u00e1mica resiliente con proyecciones positivas, el sector retail y la construcci\u00f3n reportan una mayor preocupaci\u00f3n por la ca\u00edda en el poder adquisitivo de los consumidores. Analistas econ\u00f3micos sugieren que esta brecha sectorial podr\u00eda profundizarse si no se implementan medidas que fomenten una recuperaci\u00f3n transversal del consumo masivo durante los meses de verano.<\/p>\n\n\n\n<p>Por otro lado, la mirada internacional a\u00f1ade una capa de complejidad. La volatilidad de los precios de las materias primas y los cambios en los flujos de comercio exterior obligan a las empresas exportadoras a ser extremadamente eficientes. Directivos de empresas multinacionales con sede en la regi\u00f3n han manifestado que el primer trimestre ser\u00e1 clave para evaluar la competitividad del pa\u00eds en comparaci\u00f3n con otros mercados emergentes, condicionando as\u00ed el flujo de Inversi\u00f3n Extranjera Directa para el resto del a\u00f1o.<\/p>\n\n\n\n<p>Hacia adelante, el \u00e9xito de este primer trimestre depender\u00e1 fundamentalmente de la consolidaci\u00f3n de la confianza entre el sector p\u00fablico y el privado.<\/p>\n","protected":false},"excerpt":{"rendered":"<p>El inicio del ciclo econ\u00f3mico de 2026 ha estado marcado por una notable tibieza, generando un clima de expectativa moderada entre los principales referentes del sector privado. Tras un a\u00f1o de ajustes estructurales, las proyecciones para el primer trimestre reflejan una postura de &#8220;esperar y ver&#8221;, donde la reactivaci\u00f3n del consumo y la estabilidad de [&hellip;]<\/p>\n","protected":false},"author":2,"featured_media":15838,"comment_status":"open","ping_status":"open","sticky":false,"template":"","format":"standard","meta":{"footnotes":""},"categories":[24],"tags":[],"class_list":{"0":"post-15865","1":"post","2":"type-post","3":"status-publish","4":"format-standard","5":"has-post-thumbnail","7":"category-economia"},"aioseo_notices":[],"_links":{"self":[{"href":"https:\/\/lalupa24.com.ar\/index.php\/wp-json\/wp\/v2\/posts\/15865","targetHints":{"allow":["GET"]}}],"collection":[{"href":"https:\/\/lalupa24.com.ar\/index.php\/wp-json\/wp\/v2\/posts"}],"about":[{"href":"https:\/\/lalupa24.com.ar\/index.php\/wp-json\/wp\/v2\/types\/post"}],"author":[{"embeddable":true,"href":"https:\/\/lalupa24.com.ar\/index.php\/wp-json\/wp\/v2\/users\/2"}],"replies":[{"embeddable":true,"href":"https:\/\/lalupa24.com.ar\/index.php\/wp-json\/wp\/v2\/comments?post=15865"}],"version-history":[{"count":1,"href":"https:\/\/lalupa24.com.ar\/index.php\/wp-json\/wp\/v2\/posts\/15865\/revisions"}],"predecessor-version":[{"id":15866,"href":"https:\/\/lalupa24.com.ar\/index.php\/wp-json\/wp\/v2\/posts\/15865\/revisions\/15866"}],"wp:featuredmedia":[{"embeddable":true,"href":"https:\/\/lalupa24.com.ar\/index.php\/wp-json\/wp\/v2\/media\/15838"}],"wp:attachment":[{"href":"https:\/\/lalupa24.com.ar\/index.php\/wp-json\/wp\/v2\/media?parent=15865"}],"wp:term":[{"taxonomy":"category","embeddable":true,"href":"https:\/\/lalupa24.com.ar\/index.php\/wp-json\/wp\/v2\/categories?post=15865"},{"taxonomy":"post_tag","embeddable":true,"href":"https:\/\/lalupa24.com.ar\/index.php\/wp-json\/wp\/v2\/tags?post=15865"}],"curies":[{"name":"wp","href":"https:\/\/api.w.org\/{rel}","templated":true}]}}