{"id":15875,"date":"2026-01-17T12:22:02","date_gmt":"2026-01-17T15:22:02","guid":{"rendered":"https:\/\/lalupa24.com.ar\/?p=15875"},"modified":"2026-01-17T12:22:03","modified_gmt":"2026-01-17T15:22:03","slug":"claves-del-acuerdo-mercosur-union-europea-el-fin-de-una-negociacion-de-mas-de-dos-decadas","status":"publish","type":"post","link":"https:\/\/lalupa24.com.ar\/index.php\/2026\/01\/17\/claves-del-acuerdo-mercosur-union-europea-el-fin-de-una-negociacion-de-mas-de-dos-decadas\/","title":{"rendered":"CLAVES DEL ACUERDO MERCOSUR-UNI\u00d3N EUROPEA: EL FIN DE UNA NEGOCIACI\u00d3N DE M\u00c1S DE DOS D\u00c9CADAS"},"content":{"rendered":"\n<p>Tras m\u00e1s de 25 a\u00f1os de complejas gestiones y postergaciones, el acuerdo comercial entre el Mercosur y la Uni\u00f3n Europea (UE) alcanza un punto de definici\u00f3n hist\u00f3rico que promete transformar el mapa del comercio transatl\u00e1ntico. Este tratado, considerado uno de los m\u00e1s ambiciosos a nivel global, busca crear un \u00e1rea de libre comercio que integre a m\u00e1s de 800 millones de consumidores. El cierre de los cap\u00edtulos m\u00e1s sensibles, que incluyen l\u00edmites a las retenciones, normativas sanitarias estrictas y la protecci\u00f3n de la propiedad intelectual, marca un antes y un despu\u00e9s en la pol\u00edtica exterior de las naciones sudamericanas.<\/p>\n\n\n\n<p>Uno de los pilares fundamentales del documento final es la regulaci\u00f3n de los derechos de exportaci\u00f3n, conocidos en la regi\u00f3n como retenciones. Seg\u00fan informes t\u00e9cnicos de la Canciller\u00eda, el acuerdo establece un cronograma de reducci\u00f3n gradual para diversos productos, buscando equilibrar la necesidad fiscal de los pa\u00edses del Mercosur con la demanda europea de materias primas sin sobrecostos distorsivos. Esta medida ha sido celebrada por los sectores agroindustriales de Argentina y Brasil, quienes ven en Europa un mercado de alto valor adquisitivo para sus exportaciones.<\/p>\n\n\n\n<p>En materia de reglas sanitarias y fitosanitarias, el acuerdo impone est\u00e1ndares de alta exigencia que obligar\u00e1n a los productores regionales a modernizar sus procesos. La Uni\u00f3n Europea ha sido inflexible en la aplicaci\u00f3n del &#8220;principio de precauci\u00f3n&#8221;, especialmente en lo que respecta a la seguridad alimentaria y el uso de pesticidas. Expertos en comercio exterior se\u00f1alan que, si bien esto representa un desaf\u00edo log\u00edstico y de inversi\u00f3n para las Pymes, tambi\u00e9n constituye un sello de calidad que permitir\u00e1 a los productos del Mercosur competir en los mercados m\u00e1s exigentes del mundo.<\/p>\n\n\n\n<p>La propiedad intelectual ha sido otro de los puntos de fricci\u00f3n resueltos en las negociaciones recientes. El tratado contempla la protecci\u00f3n de indicaciones geogr\u00e1ficas, lo que significa que productos espec\u00edficos (como ciertos quesos, vinos o aceites) solo podr\u00e1n comercializarse bajo sus nombres originales si provienen de sus regiones de origen certificadas. Este compromiso protege las marcas europeas en Sudam\u00e9rica, pero tambi\u00e9n abre la puerta para que productos aut\u00f3ctonos de nuestra regi\u00f3n reciban un reconocimiento similar en el Viejo Continente, fomentando el desarrollo de econom\u00edas regionales.<\/p>\n\n\n\n<p>Desde una perspectiva macroecon\u00f3mica, el acuerdo no est\u00e1 exento de controversias. Sectores industriales locales han expresado su preocupaci\u00f3n por la competencia que representar\u00e1 la entrada de manufacturas europeas con tecnolog\u00eda avanzada. No obstante, organismos internacionales como el BID y el FMI sostienen que el balance neto ser\u00e1 positivo, estimulando la llegada de inversi\u00f3n extranjera directa y promoviendo la integraci\u00f3n de las empresas latinoamericanas en las cadenas globales de valor. La cooperaci\u00f3n t\u00e9cnica prevista en el tratado ser\u00e1 vital para mitigar los efectos negativos en los sectores m\u00e1s vulnerables.<\/p>\n\n\n\n<p>El camino hacia la implementaci\u00f3n total a\u00fan requiere la ratificaci\u00f3n parlamentaria en varios de los estados miembros, un proceso que podr\u00eda enfrentar resistencias internas. Sin embargo, el consenso alcanzado en las \u00e1reas t\u00e9cnicas sugiere que la voluntad pol\u00edtica de ambos bloques es hoy m\u00e1s fuerte que nunca. El acuerdo Mercosur-UE no es solo un pacto comercial; es una alianza estrat\u00e9gica que reafirma el compromiso con el multilateralismo en un orden mundial cada vez m\u00e1s fragmentado y proteccionista.<\/p>\n","protected":false},"excerpt":{"rendered":"<p>Tras m\u00e1s de 25 a\u00f1os de complejas gestiones y postergaciones, el acuerdo comercial entre el Mercosur y la Uni\u00f3n Europea (UE) alcanza un punto de definici\u00f3n hist\u00f3rico que promete transformar el mapa del comercio transatl\u00e1ntico. Este tratado, considerado uno de los m\u00e1s ambiciosos a nivel global, busca crear un \u00e1rea de libre comercio que integre [&hellip;]<\/p>\n","protected":false},"author":2,"featured_media":15843,"comment_status":"open","ping_status":"open","sticky":false,"template":"","format":"standard","meta":{"footnotes":""},"categories":[24],"tags":[],"class_list":{"0":"post-15875","1":"post","2":"type-post","3":"status-publish","4":"format-standard","5":"has-post-thumbnail","7":"category-economia"},"aioseo_notices":[],"_links":{"self":[{"href":"https:\/\/lalupa24.com.ar\/index.php\/wp-json\/wp\/v2\/posts\/15875","targetHints":{"allow":["GET"]}}],"collection":[{"href":"https:\/\/lalupa24.com.ar\/index.php\/wp-json\/wp\/v2\/posts"}],"about":[{"href":"https:\/\/lalupa24.com.ar\/index.php\/wp-json\/wp\/v2\/types\/post"}],"author":[{"embeddable":true,"href":"https:\/\/lalupa24.com.ar\/index.php\/wp-json\/wp\/v2\/users\/2"}],"replies":[{"embeddable":true,"href":"https:\/\/lalupa24.com.ar\/index.php\/wp-json\/wp\/v2\/comments?post=15875"}],"version-history":[{"count":1,"href":"https:\/\/lalupa24.com.ar\/index.php\/wp-json\/wp\/v2\/posts\/15875\/revisions"}],"predecessor-version":[{"id":15876,"href":"https:\/\/lalupa24.com.ar\/index.php\/wp-json\/wp\/v2\/posts\/15875\/revisions\/15876"}],"wp:featuredmedia":[{"embeddable":true,"href":"https:\/\/lalupa24.com.ar\/index.php\/wp-json\/wp\/v2\/media\/15843"}],"wp:attachment":[{"href":"https:\/\/lalupa24.com.ar\/index.php\/wp-json\/wp\/v2\/media?parent=15875"}],"wp:term":[{"taxonomy":"category","embeddable":true,"href":"https:\/\/lalupa24.com.ar\/index.php\/wp-json\/wp\/v2\/categories?post=15875"},{"taxonomy":"post_tag","embeddable":true,"href":"https:\/\/lalupa24.com.ar\/index.php\/wp-json\/wp\/v2\/tags?post=15875"}],"curies":[{"name":"wp","href":"https:\/\/api.w.org\/{rel}","templated":true}]}}