{"id":15885,"date":"2026-01-17T12:25:52","date_gmt":"2026-01-17T15:25:52","guid":{"rendered":"https:\/\/lalupa24.com.ar\/?p=15885"},"modified":"2026-01-17T12:25:53","modified_gmt":"2026-01-17T15:25:53","slug":"expectativa-en-el-rio-de-la-plata-uruguay-coordina-la-posible-visita-del-papa-leon-xiv-en-2026","status":"publish","type":"post","link":"https:\/\/lalupa24.com.ar\/index.php\/2026\/01\/17\/expectativa-en-el-rio-de-la-plata-uruguay-coordina-la-posible-visita-del-papa-leon-xiv-en-2026\/","title":{"rendered":"EXPECTATIVA EN EL R\u00cdO DE LA PLATA: URUGUAY COORDINA LA POSIBLE VISITA DEL PAPA LE\u00d3N XIV EN 2026"},"content":{"rendered":"\n<p>La Iglesia Cat\u00f3lica de Uruguay ha iniciado los preparativos log\u00edsticos y espirituales ante la inminente posibilidad de recibir al Papa Le\u00f3n XIV, en lo que representar\u00eda un evento hist\u00f3rico para la naci\u00f3n rioplatense. Tras una serie de declaraciones emitidas por el Sumo Pont\u00edfice que ilusionaron a la feligres\u00eda local, las autoridades eclesi\u00e1sticas han comenzado a dise\u00f1ar una hoja de ruta preliminar para la visita. El entusiasmo no se limita solo a la comunidad religiosa, sino que ha permeado en el \u00e1mbito pol\u00edtico y social del pa\u00eds, dada la relevancia internacional del l\u00edder del Vaticano.<\/p>\n\n\n\n<p>El punto de partida de esta esperanza fue una frase pronunciada por el Santo Padre durante una audiencia reciente, donde expres\u00f3 su deseo de &#8220;abrazar a los pueblos del sur que a\u00fan no ha podido visitar&#8221;. Seg\u00fan fuentes de la Conferencia Episcopal del Uruguay (CEU), esta se\u00f1al fue interpretada como una invitaci\u00f3n formal para iniciar las gestiones diplom\u00e1ticas necesarias. Los obispos locales ya mantienen contactos fluidos con la Santa Sede para coordinar una agenda que equilibre los encuentros pastorales con las actividades oficiales de Estado.<\/p>\n\n\n\n<p>El plan de visita contempla no solo celebraciones masivas en Montevideo, sino tambi\u00e9n un recorrido por el interior del pa\u00eds, buscando llegar a las comunidades m\u00e1s alejadas. Se eval\u00faa la posibilidad de un encuentro ecum\u00e9nico, aprovechando la tradici\u00f3n de laicidad y respeto religioso que caracteriza a Uruguay, un gesto que Le\u00f3n XIV considera fundamental en su papado. Expertos en asuntos vaticanos indican que este viaje ser\u00eda parte de una gira regional que incluir\u00eda otros pa\u00edses vecinos, consolidando su mensaje de unidad para el continente americano.<\/p>\n\n\n\n<p>Desde el punto de vista log\u00edstico, el Gobierno uruguayo ha manifestado su total disposici\u00f3n para colaborar en los operativos de seguridad y transporte que requiere un evento de tal magnitud. La llegada de miles de peregrinos de pa\u00edses lim\u00edtrofes, especialmente de Argentina y Brasil, supondr\u00eda un desaf\u00edo de infraestructura pero tambi\u00e9n una oportunidad econ\u00f3mica significativa para el sector tur\u00edstico. Autoridades del Ministerio del Interior y de Relaciones Exteriores ya integran mesas de trabajo conjuntas con los representantes de la Iglesia para garantizar el orden p\u00fablico.<\/p>\n\n\n\n<p>En t\u00e9rminos sociales, la figura de Le\u00f3n XIV es vista como un puente para el di\u00e1logo en una regi\u00f3n marcada por la polarizaci\u00f3n. Sus enc\u00edclicas sobre la justicia social, el cuidado del medio ambiente y la fraternidad universal han resonado fuertemente en la opini\u00f3n p\u00fablica uruguaya. La visita se percibe como un momento de reflexi\u00f3n nacional, capaz de convocar a distintos sectores de la sociedad en torno a valores comunes, independientemente de las creencias individuales o las afinidades pol\u00edticas.<\/p>\n\n\n\n<p>El impacto de este viaje apost\u00f3lico se proyecta como un hito para la identidad religiosa de Uruguay en el siglo XXI. De concretarse, la visita del Papa Le\u00f3n XIV no solo fortalecer\u00eda la fe de los cat\u00f3licos locales, sino que posicionar\u00eda al pa\u00eds como un centro de atenci\u00f3n mundial durante su estad\u00eda. Con la mirada puesta en el segundo semestre de 2026, la Iglesia y el Estado uruguayo avanzan con cautela pero con paso firme, preparando el camino para que el mensaje de paz del Pont\u00edfice encuentre tierra f\u00e9rtil en las costas uruguayas.<\/p>\n","protected":false},"excerpt":{"rendered":"<p>La Iglesia Cat\u00f3lica de Uruguay ha iniciado los preparativos log\u00edsticos y espirituales ante la inminente posibilidad de recibir al Papa Le\u00f3n XIV, en lo que representar\u00eda un evento hist\u00f3rico para la naci\u00f3n rioplatense. Tras una serie de declaraciones emitidas por el Sumo Pont\u00edfice que ilusionaron a la feligres\u00eda local, las autoridades eclesi\u00e1sticas han comenzado a [&hellip;]<\/p>\n","protected":false},"author":2,"featured_media":15848,"comment_status":"open","ping_status":"open","sticky":false,"template":"","format":"standard","meta":{"footnotes":""},"categories":[1],"tags":[],"class_list":{"0":"post-15885","1":"post","2":"type-post","3":"status-publish","4":"format-standard","5":"has-post-thumbnail","7":"category-blog"},"aioseo_notices":[],"_links":{"self":[{"href":"https:\/\/lalupa24.com.ar\/index.php\/wp-json\/wp\/v2\/posts\/15885","targetHints":{"allow":["GET"]}}],"collection":[{"href":"https:\/\/lalupa24.com.ar\/index.php\/wp-json\/wp\/v2\/posts"}],"about":[{"href":"https:\/\/lalupa24.com.ar\/index.php\/wp-json\/wp\/v2\/types\/post"}],"author":[{"embeddable":true,"href":"https:\/\/lalupa24.com.ar\/index.php\/wp-json\/wp\/v2\/users\/2"}],"replies":[{"embeddable":true,"href":"https:\/\/lalupa24.com.ar\/index.php\/wp-json\/wp\/v2\/comments?post=15885"}],"version-history":[{"count":1,"href":"https:\/\/lalupa24.com.ar\/index.php\/wp-json\/wp\/v2\/posts\/15885\/revisions"}],"predecessor-version":[{"id":15886,"href":"https:\/\/lalupa24.com.ar\/index.php\/wp-json\/wp\/v2\/posts\/15885\/revisions\/15886"}],"wp:featuredmedia":[{"embeddable":true,"href":"https:\/\/lalupa24.com.ar\/index.php\/wp-json\/wp\/v2\/media\/15848"}],"wp:attachment":[{"href":"https:\/\/lalupa24.com.ar\/index.php\/wp-json\/wp\/v2\/media?parent=15885"}],"wp:term":[{"taxonomy":"category","embeddable":true,"href":"https:\/\/lalupa24.com.ar\/index.php\/wp-json\/wp\/v2\/categories?post=15885"},{"taxonomy":"post_tag","embeddable":true,"href":"https:\/\/lalupa24.com.ar\/index.php\/wp-json\/wp\/v2\/tags?post=15885"}],"curies":[{"name":"wp","href":"https:\/\/api.w.org\/{rel}","templated":true}]}}