{"id":15905,"date":"2026-01-19T13:05:14","date_gmt":"2026-01-19T16:05:14","guid":{"rendered":"https:\/\/lalupa24.com.ar\/?p=15905"},"modified":"2026-01-19T13:05:15","modified_gmt":"2026-01-19T16:05:15","slug":"el-gobierno-convoco-a-sesiones-extraordinarias-para-febrero-con-la-reforma-laboral-como-objetivo-principal","status":"publish","type":"post","link":"https:\/\/lalupa24.com.ar\/index.php\/2026\/01\/19\/el-gobierno-convoco-a-sesiones-extraordinarias-para-febrero-con-la-reforma-laboral-como-objetivo-principal\/","title":{"rendered":"El Gobierno convoc\u00f3 a sesiones extraordinarias para febrero con la Reforma Laboral como objetivo principal"},"content":{"rendered":"\n<p>El presidente Javier Milei firm\u00f3 el decreto en la previa al viaje a Suiza. Las fechas y el temario.<\/p>\n\n\n\n<p>El presidente Javier Milei firm\u00f3 el decreto que convoca a sesiones extraordinarias en la previa de su viaje a Suiza y, de esta manera, hizo oficial el llamado que ir\u00e1 del 2 de febrero al 27 del mismo mes.<\/p>\n\n\n\n<p>La principal obsesi\u00f3n del mandatario es la Reforma Laboral que comenzar\u00e1 a tratarse el 10 de febrero en la C\u00e1mara de Senadores. Sin embargo, el temario contempla otros puntos claves para la administraci\u00f3n.<\/p>\n\n\n\n<p>A trav\u00e9s del decreto 24\/2026, el Ejecutivo hizo p\u00fablica la necesidad de tratar y aprobar la Ley de adecuaci\u00f3n del R\u00e9gimen de Presupuestos M\u00ednimos para la Preservaci\u00f3n de los Glaciares y del Ambiente Periglacial y la designaci\u00f3n del legislador Fernando Iglesias como embajador.<\/p>\n\n\n\n<p>Asimismo, como anticip\u00f3 en Asunci\u00f3n, el libertario tiene intenciones de darle un tratamiento expr\u00e9s al proyecto de Ley por el que se aprueba el Acuerdo de Libre Comercio entre el Mercosur y la Uni\u00f3n Europea.<\/p>\n\n\n\n<p>Con los puntos claves establecidos, la mesa pol\u00edtica traza sus primeras aproximaciones para avanzar en nuevos triunfos legislativos luego de la aprobaci\u00f3n del Presupuesto 2026 y la Ley de Inocencia fiscal.<\/p>\n","protected":false},"excerpt":{"rendered":"<p>El presidente Javier Milei firm\u00f3 el decreto en la previa al viaje a Suiza. Las fechas y el temario. El presidente Javier Milei firm\u00f3 el decreto que convoca a sesiones extraordinarias en la previa de su viaje a Suiza y, de esta manera, hizo oficial el llamado que ir\u00e1 del 2 de febrero al 27 [&hellip;]<\/p>\n","protected":false},"author":11,"featured_media":15906,"comment_status":"open","ping_status":"open","sticky":false,"template":"","format":"standard","meta":{"footnotes":""},"categories":[26],"tags":[],"class_list":{"0":"post-15905","1":"post","2":"type-post","3":"status-publish","4":"format-standard","5":"has-post-thumbnail","7":"category-nacionales"},"aioseo_notices":[],"_links":{"self":[{"href":"https:\/\/lalupa24.com.ar\/index.php\/wp-json\/wp\/v2\/posts\/15905","targetHints":{"allow":["GET"]}}],"collection":[{"href":"https:\/\/lalupa24.com.ar\/index.php\/wp-json\/wp\/v2\/posts"}],"about":[{"href":"https:\/\/lalupa24.com.ar\/index.php\/wp-json\/wp\/v2\/types\/post"}],"author":[{"embeddable":true,"href":"https:\/\/lalupa24.com.ar\/index.php\/wp-json\/wp\/v2\/users\/11"}],"replies":[{"embeddable":true,"href":"https:\/\/lalupa24.com.ar\/index.php\/wp-json\/wp\/v2\/comments?post=15905"}],"version-history":[{"count":1,"href":"https:\/\/lalupa24.com.ar\/index.php\/wp-json\/wp\/v2\/posts\/15905\/revisions"}],"predecessor-version":[{"id":15907,"href":"https:\/\/lalupa24.com.ar\/index.php\/wp-json\/wp\/v2\/posts\/15905\/revisions\/15907"}],"wp:featuredmedia":[{"embeddable":true,"href":"https:\/\/lalupa24.com.ar\/index.php\/wp-json\/wp\/v2\/media\/15906"}],"wp:attachment":[{"href":"https:\/\/lalupa24.com.ar\/index.php\/wp-json\/wp\/v2\/media?parent=15905"}],"wp:term":[{"taxonomy":"category","embeddable":true,"href":"https:\/\/lalupa24.com.ar\/index.php\/wp-json\/wp\/v2\/categories?post=15905"},{"taxonomy":"post_tag","embeddable":true,"href":"https:\/\/lalupa24.com.ar\/index.php\/wp-json\/wp\/v2\/tags?post=15905"}],"curies":[{"name":"wp","href":"https:\/\/api.w.org\/{rel}","templated":true}]}}