{"id":15908,"date":"2026-01-19T13:13:31","date_gmt":"2026-01-19T16:13:31","guid":{"rendered":"https:\/\/lalupa24.com.ar\/?p=15908"},"modified":"2026-01-19T13:13:31","modified_gmt":"2026-01-19T16:13:31","slug":"tragico-choque-de-trenes-en-espana-suman-39-los-fallecidos-y-152-los-heridos","status":"publish","type":"post","link":"https:\/\/lalupa24.com.ar\/index.php\/2026\/01\/19\/tragico-choque-de-trenes-en-espana-suman-39-los-fallecidos-y-152-los-heridos\/","title":{"rendered":"Tr\u00e1gico choque de trenes en Espa\u00f1a: suman 39 los fallecidos y 152 los heridos"},"content":{"rendered":"\n<p>Seg\u00fan el nuevo informe que dieron las autoridades, 73 heridos permanecen hospitalizados, 24 de ellos en estado grave.<\/p>\n\n\n\n<p>El grave accidente ferroviario ocurrido la tarde del domingo en la localidad de Adamuz, en la provincia meridional espa\u00f1ola de C\u00f3rdoba, dej\u00f3 39 personas fallecidas hasta el momento, entre ellas el maquinista de uno de los trenes implicados, as\u00ed como 152 heridos, de los cuales 73 permanecen hospitalizados, incluidos 24 en estado grave, seg\u00fan el \u00faltimo balance facilitado por las autoridades.<\/p>\n\n\n\n<p>El accidente se produjo a las 19:45 del domingo, cuando el tren de alta velocidad LD AV Iryo 6189, con origen en M\u00e1laga y destino Madrid, descarril\u00f3 en los desv\u00edos de entrada de la v\u00eda 1 de Adamuz e invadi\u00f3 la v\u00eda contigua, por la que circulaba otro convoy, un tren Alvia LD AV 2384 Puerta de Atocha-Huelva, que tambi\u00e9n descarril\u00f3.<\/p>\n\n\n\n<p>Como consecuencia del impacto y del posterior descarrilamiento, varios vagones de ambos trenes se salieron de la v\u00eda y algunos de los coches de la parte trasera del convoy procedente de M\u00e1laga volcaron, cayendo por un talud adyacente a la plataforma ferroviaria, seg\u00fan confirmaron fuentes de los servicios de emergencia y testigos presenciales.<\/p>\n\n\n\n<p>Un periodista de la radiotelevisi\u00f3n p\u00fablica espa\u00f1ola RTVE, que viajaba en el tren procedente de M\u00e1laga, relat\u00f3 en directo lo sucedido. &#8220;Hubo un momento en que se sinti\u00f3 una especie de terremoto y era que hab\u00edamos descarrilado&#8221;, explic\u00f3.<\/p>\n\n\n\n<p>&#8220;A los diez minutos de salir ha empezado a temblar much\u00edsimo y ha descarrilado el coche seis para atr\u00e1s&#8221;, a\u00f1adi\u00f3, se\u00f1alando que varios vagones quedaron gravemente da\u00f1ados.<\/p>\n\n\n\n<p>El presidente de la Junta de Andaluc\u00eda, Juanma Moreno, calific\u00f3 la situaci\u00f3n de &#8220;muy triste&#8221; y destac\u00f3 el fuerte impacto humano del siniestro.<\/p>\n\n\n\n<p>&#8220;No estamos acostumbrados a un accidente de estas caracter\u00edsticas. En estos trenes viajan familias enteras, personas mayores, ni\u00f1os. En definitiva, personas de toda \u00edndole y probablemente de todas las edades&#8221;, afirm\u00f3 durante una declaraci\u00f3n a los medios en el lugar del accidente, donde se desplaz\u00f3 para conocer la situaci\u00f3n.<\/p>\n\n\n\n<p>Por su parte, el ministro de Transportes y Movilidad Sostenible, \u00d3scar Puente, se\u00f1al\u00f3 que el siniestro es &#8220;tremendamente extra\u00f1o&#8221;, al haberse producido en un tramo recto de la v\u00eda, con un tren de nueva construcci\u00f3n, fabricado en 2022, que hab\u00eda superado su \u00faltima revisi\u00f3n t\u00e9cnica el pasado 15 de enero, y en un punto donde la infraestructura hab\u00eda sido renovada recientemente.<\/p>\n\n\n\n<p>&#8220;Es verdaderamente extra\u00f1o. Todos los expertos en materia ferroviaria que han estado aqu\u00ed y los que hemos podido consultar est\u00e1n tremendamente extra\u00f1os del accidente porque, como les digo, es muy raro&#8221;, afirm\u00f3 el ministro.<\/p>\n\n\n\n<p>Las autoridades indicaron que por el momento no existe una causa oficial confirmada y apelaron a la cautela, subrayando que el an\u00e1lisis t\u00e9cnico de un accidente de esta magnitud requiere tiempo y una investigaci\u00f3n exhaustiva antes de determinar responsabilidades.<\/p>\n","protected":false},"excerpt":{"rendered":"<p>Seg\u00fan el nuevo informe que dieron las autoridades, 73 heridos permanecen hospitalizados, 24 de ellos en estado grave. El grave accidente ferroviario ocurrido la tarde del domingo en la localidad de Adamuz, en la provincia meridional espa\u00f1ola de C\u00f3rdoba, dej\u00f3 39 personas fallecidas hasta el momento, entre ellas el maquinista de uno de los trenes [&hellip;]<\/p>\n","protected":false},"author":11,"featured_media":15909,"comment_status":"open","ping_status":"open","sticky":false,"template":"","format":"standard","meta":{"footnotes":""},"categories":[25],"tags":[],"class_list":{"0":"post-15908","1":"post","2":"type-post","3":"status-publish","4":"format-standard","5":"has-post-thumbnail","7":"category-internacionales"},"aioseo_notices":[],"_links":{"self":[{"href":"https:\/\/lalupa24.com.ar\/index.php\/wp-json\/wp\/v2\/posts\/15908","targetHints":{"allow":["GET"]}}],"collection":[{"href":"https:\/\/lalupa24.com.ar\/index.php\/wp-json\/wp\/v2\/posts"}],"about":[{"href":"https:\/\/lalupa24.com.ar\/index.php\/wp-json\/wp\/v2\/types\/post"}],"author":[{"embeddable":true,"href":"https:\/\/lalupa24.com.ar\/index.php\/wp-json\/wp\/v2\/users\/11"}],"replies":[{"embeddable":true,"href":"https:\/\/lalupa24.com.ar\/index.php\/wp-json\/wp\/v2\/comments?post=15908"}],"version-history":[{"count":1,"href":"https:\/\/lalupa24.com.ar\/index.php\/wp-json\/wp\/v2\/posts\/15908\/revisions"}],"predecessor-version":[{"id":15910,"href":"https:\/\/lalupa24.com.ar\/index.php\/wp-json\/wp\/v2\/posts\/15908\/revisions\/15910"}],"wp:featuredmedia":[{"embeddable":true,"href":"https:\/\/lalupa24.com.ar\/index.php\/wp-json\/wp\/v2\/media\/15909"}],"wp:attachment":[{"href":"https:\/\/lalupa24.com.ar\/index.php\/wp-json\/wp\/v2\/media?parent=15908"}],"wp:term":[{"taxonomy":"category","embeddable":true,"href":"https:\/\/lalupa24.com.ar\/index.php\/wp-json\/wp\/v2\/categories?post=15908"},{"taxonomy":"post_tag","embeddable":true,"href":"https:\/\/lalupa24.com.ar\/index.php\/wp-json\/wp\/v2\/tags?post=15908"}],"curies":[{"name":"wp","href":"https:\/\/api.w.org\/{rel}","templated":true}]}}