{"id":15911,"date":"2026-01-19T13:25:53","date_gmt":"2026-01-19T16:25:53","guid":{"rendered":"https:\/\/lalupa24.com.ar\/?p=15911"},"modified":"2026-01-19T13:25:54","modified_gmt":"2026-01-19T16:25:54","slug":"davos-2026-el-foro-economico-mundial-arranca-en-el-escenario-geopolitico-mas-complejo-desde-1945","status":"publish","type":"post","link":"https:\/\/lalupa24.com.ar\/index.php\/2026\/01\/19\/davos-2026-el-foro-economico-mundial-arranca-en-el-escenario-geopolitico-mas-complejo-desde-1945\/","title":{"rendered":"Davos 2026: El Foro Econ\u00f3mico Mundial arranca en el escenario geopol\u00edtico m\u00e1s complejo desde 1945"},"content":{"rendered":"\n<p>Bajo el lema \u201cUn esp\u00edritu de di\u00e1logo\u201d, la 56.\u00aa reuni\u00f3n anual re\u00fane a 3.000 l\u00edderes globales para enfrentar la fragmentaci\u00f3n geoecon\u00f3mica, el despliegue de la IA y la crisis clim\u00e1tica.<\/p>\n\n\n\n<p>La ciudad alpina de Davos se convierte desde esta noche en el epicentro del debate global con el inicio del Foro Econ\u00f3mico Mundial (FEM) 2026.<\/p>\n\n\n\n<p>En un contexto definido por su presidente, Borge Brende, como el &#8220;m\u00e1s complejo desde el fin de la Segunda Guerra Mundial&#8221;, la cumbre busca tender puentes en un mundo fracturado por la competencia entre potencias y la inestabilidad econ\u00f3mica.<\/p>\n\n\n\n<p>El evento de cinco d\u00edas convoca a una cifra r\u00e9cord de jefes de Estado y de Gobierno (64 confirmados), incluyendo al presidente estadounidense Donald Trump, quien asiste con la mayor delegaci\u00f3n de su historia, y al mandatario argentino Javier Milei, quien busca consolidar su agenda liberal tras los acuerdos alcanzados con Washington.<\/p>\n\n\n\n<p>Los 5 desaf\u00edos urgentes de Davos 2026<\/p>\n\n\n\n<p>La agenda oficial se estructura sobre cinco preguntas clave que marcar\u00e1n el rumbo de las sesiones:<\/p>\n\n\n\n<p>Cooperaci\u00f3n en un mundo en disputa: \u00bfC\u00f3mo evitar que la rivalidad geoecon\u00f3mica bloquee las soluciones colectivas?<\/p>\n\n\n\n<p>Nuevas fuentes de crecimiento: \u00bfC\u00f3mo revitalizar la econom\u00eda global ante una deuda r\u00e9cord y la desaceleraci\u00f3n?<\/p>\n\n\n\n<p>Inversi\u00f3n en las personas: \u00bfC\u00f3mo recualificar a la fuerza laboral frente al avance de la automatizaci\u00f3n?<\/p>\n\n\n\n<p>Innovaci\u00f3n responsable: \u00bfC\u00f3mo desplegar la Inteligencia Artificial (IA) sin perder el control ni la confianza humana?<\/p>\n\n\n\n<p>Prosperidad planetaria: \u00bfC\u00f3mo crecer econ\u00f3micamente sin exceder los l\u00edmites ecol\u00f3gicos del planeta?<\/p>\n\n\n\n<p>Informe de Riesgos Globales 2026<\/p>\n\n\n\n<p>El FEM public\u00f3 su informe anual previo a la inauguraci\u00f3n, advirtiendo que la confrontaci\u00f3n geoecon\u00f3mica se ha convertido en el riesgo m\u00e1s urgente a corto plazo, desplazando por primera vez en a\u00f1os a las preocupaciones ambientales.<\/p>\n\n\n\n<p>La cumbre de este a\u00f1o no est\u00e1 exenta de controversia. Mientras l\u00edderes como Emmanuel Macron (Francia), Pedro S\u00e1nchez (Espa\u00f1a) y Ursula von der Leyen (UE) defienden el multilateralismo, la presencia de Trump y sus amenazas de aranceles por Groenlandia sobrevuelan los pasillos del foro.<\/p>\n\n\n\n<p>Por otro lado, China ha enviado una delegaci\u00f3n de alto nivel encabezada por el viceprimer ministro He Lifeng, buscando presentar al gigante asi\u00e1tico como el &#8220;defensor de la globalizaci\u00f3n&#8221; frente al proteccionismo estadounidense.<\/p>\n\n\n\n<p>Asimismo, la invitaci\u00f3n al canciller de Ir\u00e1n ha generado protestas de grupos de derechos humanos, sumando un nuevo frente de conflicto a una cumbre que, en palabras de Brende, hoy no es un lujo, sino una &#8220;necesidad existencial&#8221;.<\/p>\n","protected":false},"excerpt":{"rendered":"<p>Bajo el lema \u201cUn esp\u00edritu de di\u00e1logo\u201d, la 56.\u00aa reuni\u00f3n anual re\u00fane a 3.000 l\u00edderes globales para enfrentar la fragmentaci\u00f3n geoecon\u00f3mica, el despliegue de la IA y la crisis clim\u00e1tica. La ciudad alpina de Davos se convierte desde esta noche en el epicentro del debate global con el inicio del Foro Econ\u00f3mico Mundial (FEM) 2026. [&hellip;]<\/p>\n","protected":false},"author":11,"featured_media":15912,"comment_status":"open","ping_status":"open","sticky":false,"template":"","format":"standard","meta":{"footnotes":""},"categories":[25],"tags":[],"class_list":{"0":"post-15911","1":"post","2":"type-post","3":"status-publish","4":"format-standard","5":"has-post-thumbnail","7":"category-internacionales"},"aioseo_notices":[],"_links":{"self":[{"href":"https:\/\/lalupa24.com.ar\/index.php\/wp-json\/wp\/v2\/posts\/15911","targetHints":{"allow":["GET"]}}],"collection":[{"href":"https:\/\/lalupa24.com.ar\/index.php\/wp-json\/wp\/v2\/posts"}],"about":[{"href":"https:\/\/lalupa24.com.ar\/index.php\/wp-json\/wp\/v2\/types\/post"}],"author":[{"embeddable":true,"href":"https:\/\/lalupa24.com.ar\/index.php\/wp-json\/wp\/v2\/users\/11"}],"replies":[{"embeddable":true,"href":"https:\/\/lalupa24.com.ar\/index.php\/wp-json\/wp\/v2\/comments?post=15911"}],"version-history":[{"count":1,"href":"https:\/\/lalupa24.com.ar\/index.php\/wp-json\/wp\/v2\/posts\/15911\/revisions"}],"predecessor-version":[{"id":15913,"href":"https:\/\/lalupa24.com.ar\/index.php\/wp-json\/wp\/v2\/posts\/15911\/revisions\/15913"}],"wp:featuredmedia":[{"embeddable":true,"href":"https:\/\/lalupa24.com.ar\/index.php\/wp-json\/wp\/v2\/media\/15912"}],"wp:attachment":[{"href":"https:\/\/lalupa24.com.ar\/index.php\/wp-json\/wp\/v2\/media?parent=15911"}],"wp:term":[{"taxonomy":"category","embeddable":true,"href":"https:\/\/lalupa24.com.ar\/index.php\/wp-json\/wp\/v2\/categories?post=15911"},{"taxonomy":"post_tag","embeddable":true,"href":"https:\/\/lalupa24.com.ar\/index.php\/wp-json\/wp\/v2\/tags?post=15911"}],"curies":[{"name":"wp","href":"https:\/\/api.w.org\/{rel}","templated":true}]}}