{"id":15914,"date":"2026-01-19T13:30:19","date_gmt":"2026-01-19T16:30:19","guid":{"rendered":"https:\/\/lalupa24.com.ar\/?p=15914"},"modified":"2026-01-19T13:30:20","modified_gmt":"2026-01-19T16:30:20","slug":"milei-viaja-a-davos-con-la-expectativa-de-volver-a-encontrarse-con-trump","status":"publish","type":"post","link":"https:\/\/lalupa24.com.ar\/index.php\/2026\/01\/19\/milei-viaja-a-davos-con-la-expectativa-de-volver-a-encontrarse-con-trump\/","title":{"rendered":"Milei viaja a Davos con la expectativa de volver a encontrarse con Trump"},"content":{"rendered":"\n<p>El Presidente parte este lunes hacia Suiza para participar del Foro Econ\u00f3mico y mantener una agenda con posibles reuniones con empresarios internacionales.<\/p>\n\n\n\n<p>Javier Milei inicia esta semana una de las giras m\u00e1s determinantes de su gesti\u00f3n, con el viaje a Davos, Suiza, para participar de la cumbre que re\u00fane a la \u00e9lite financiera global entre el 19 y el 23 de enero.<\/p>\n\n\n\n<p>La misi\u00f3n presidencial tiene un doble objetivo: presentar a la Argentina como un destino seguro para el capital internacional y profundizar su batalla cultural contra el colectivismo, en un escenario donde compartir\u00e1 protagonismo con l\u00edderes de la talla de Donald Trump, seg\u00fan supo la Agencia Noticias Argentinas.<\/p>\n\n\n\n<p>El momento central de la gira tendr\u00e1 lugar el mi\u00e9rcoles a las 11:45 (hora argentina), cuando Milei suba al estrado principal. Se espera una exposici\u00f3n de 30 minutos donde el libertario ratificar\u00e1 su alineamiento geopol\u00edtico con los Estados Unidos, defender\u00e1 la apertura comercial irrestricta y lanzar\u00e1 duras cr\u00edticas contra la denominada agenda &#8220;woke&#8221; y los movimientos de izquierda.<\/p>\n\n\n\n<p>Sin embargo, el foco tambi\u00e9n estar\u00e1 puesto en los pasillos del Foro. Persiste una fuerte expectativa por una posible reuni\u00f3n bilateral, o al menos un encuentro informal, con Donald Trump.<\/p>\n\n\n\n<p>El cruce entre ambos mandatarios se dar\u00eda en un clima de alta volatilidad internacional, marcado por el reciente operativo estadounidense en Venezuela que culmin\u00f3 con la captura de Nicol\u00e1s Maduro y la escalada de tensiones en Ir\u00e1n.<\/p>\n\n\n\n<p>C\u00f3mo sigue la agenda de Javier Milei en Davos<\/p>\n\n\n\n<p>M\u00e1s all\u00e1 de la ret\u00f3rica pol\u00edtica, la agenda del mi\u00e9rcoles incluye una marat\u00f3n de reuniones privadas con los m\u00e1ximos referentes del sistema financiero global. Milei tiene previsto sentarse cara a cara con figuras como Jamie Dimon (JP Morgan), Larry Fink (BlackRock) y David Solomon (Goldman Sachs). Tambi\u00e9n se sumar\u00e1n a la mesa Brian Moynihan (Bank of America) y los l\u00edderes de las principales entidades espa\u00f1olas, Onur Gen\u00e7 (BBVA) y H\u00e9ctor Grisi (Santander).<\/p>\n\n\n\n<p>La presentaci\u00f3n del mandatario argentino ocurre apenas d\u00edas despu\u00e9s de la firma del hist\u00f3rico acuerdo comercial entre el Mercosur y la Uni\u00f3n Europea, un activo que Milei llevar\u00e1 bajo el brazo para negociar con los inversores.<\/p>\n\n\n\n<p>No obstante, el foro no estar\u00e1 exento de temas espinosos de la agenda de Trump, como sus planes respecto a la anexi\u00f3n de Groenlandia, lo que a\u00f1ade una capa extra de complejidad diplom\u00e1tica a una cumbre que definir\u00e1 gran parte de la relaci\u00f3n de la Argentina con el mundo para el resto del a\u00f1o.<\/p>\n","protected":false},"excerpt":{"rendered":"<p>El Presidente parte este lunes hacia Suiza para participar del Foro Econ\u00f3mico y mantener una agenda con posibles reuniones con empresarios internacionales. Javier Milei inicia esta semana una de las giras m\u00e1s determinantes de su gesti\u00f3n, con el viaje a Davos, Suiza, para participar de la cumbre que re\u00fane a la \u00e9lite financiera global entre [&hellip;]<\/p>\n","protected":false},"author":11,"featured_media":15915,"comment_status":"open","ping_status":"open","sticky":false,"template":"","format":"standard","meta":{"footnotes":""},"categories":[26],"tags":[],"class_list":{"0":"post-15914","1":"post","2":"type-post","3":"status-publish","4":"format-standard","5":"has-post-thumbnail","7":"category-nacionales"},"aioseo_notices":[],"_links":{"self":[{"href":"https:\/\/lalupa24.com.ar\/index.php\/wp-json\/wp\/v2\/posts\/15914","targetHints":{"allow":["GET"]}}],"collection":[{"href":"https:\/\/lalupa24.com.ar\/index.php\/wp-json\/wp\/v2\/posts"}],"about":[{"href":"https:\/\/lalupa24.com.ar\/index.php\/wp-json\/wp\/v2\/types\/post"}],"author":[{"embeddable":true,"href":"https:\/\/lalupa24.com.ar\/index.php\/wp-json\/wp\/v2\/users\/11"}],"replies":[{"embeddable":true,"href":"https:\/\/lalupa24.com.ar\/index.php\/wp-json\/wp\/v2\/comments?post=15914"}],"version-history":[{"count":1,"href":"https:\/\/lalupa24.com.ar\/index.php\/wp-json\/wp\/v2\/posts\/15914\/revisions"}],"predecessor-version":[{"id":15916,"href":"https:\/\/lalupa24.com.ar\/index.php\/wp-json\/wp\/v2\/posts\/15914\/revisions\/15916"}],"wp:featuredmedia":[{"embeddable":true,"href":"https:\/\/lalupa24.com.ar\/index.php\/wp-json\/wp\/v2\/media\/15915"}],"wp:attachment":[{"href":"https:\/\/lalupa24.com.ar\/index.php\/wp-json\/wp\/v2\/media?parent=15914"}],"wp:term":[{"taxonomy":"category","embeddable":true,"href":"https:\/\/lalupa24.com.ar\/index.php\/wp-json\/wp\/v2\/categories?post=15914"},{"taxonomy":"post_tag","embeddable":true,"href":"https:\/\/lalupa24.com.ar\/index.php\/wp-json\/wp\/v2\/tags?post=15914"}],"curies":[{"name":"wp","href":"https:\/\/api.w.org\/{rel}","templated":true}]}}