{"id":15962,"date":"2026-01-09T09:04:40","date_gmt":"2026-01-09T12:04:40","guid":{"rendered":"https:\/\/lalupa24.com.ar\/?p=15962"},"modified":"2026-01-20T09:07:10","modified_gmt":"2026-01-20T12:07:10","slug":"el-gobierno-provincial-y-la-universidad-de-la-cuenca-del-plata-firmaron-un-convenio-de-cooperacion","status":"publish","type":"post","link":"https:\/\/lalupa24.com.ar\/index.php\/2026\/01\/09\/el-gobierno-provincial-y-la-universidad-de-la-cuenca-del-plata-firmaron-un-convenio-de-cooperacion\/","title":{"rendered":"El gobierno provincial y la universidad de la cuenca del plata firmaron un convenio de cooperaci\u00f3n"},"content":{"rendered":"\n<p>Este viernes, el gobernador Leandro Zdero firm\u00f3 un Convenio Marco de Cooperaci\u00f3n y Asistencia Rec\u00edproca entre el Gobierno provincial y la Universidad de la Cuenca del Plata (UCP), con el objetivo de consolidar un trabajo conjunto orientado al desarrollo de actividades educativas, culturales y cient\u00edficas, as\u00ed como a la implementaci\u00f3n de proyectos de extensi\u00f3n e investigaci\u00f3n.<\/p>\n\n\n\n<p>El convenio suscripto tiene como prop\u00f3sito generar un v\u00ednculo formal y sostenible, promoviendo acciones conjuntas y coordinadas que permitan la ejecuci\u00f3n mancomunada de propuestas y actividades en \u00e1reas de inter\u00e9s com\u00fan. Para ello, las partes se comprometen al apoyo log\u00edstico necesario, conforme a lo que se establezca en acuerdos complementarios espec\u00edficos.<br>Del acto, en el Sal\u00f3n de Acuerdos de Casa de Gobierno, participaron la mag\u00edster Katia Stieben, vicerrectora de Experiencia Estudiantil y Profesionalizaci\u00f3n de la Universidad de la Cuenca del Plata&nbsp; y el Esp. Ignacio Z\u00e1rate, Delegado de la Sede Resistencia junto al equipo de la instituci\u00f3n; la secretaria general de la Gobernaci\u00f3n, Carolina Meiri\u00f1o; el ministro de Salud, Sergio Rodr\u00edguez; el secretario Coordinador de Gabinete, Livio Guti\u00e9rrez; y la asesora general de Gobierno, Alejandra Ferreyra.&nbsp;<\/p>\n\n\n\n<p>SOBRE LA UNIVERSIDAD DE LA CUENCA DEL PLATA<br>La Universidad de la Cuenca del Plata es una instituci\u00f3n independiente, autofinanciada y de orientaci\u00f3n humanista, con treinta a\u00f1os de trayectoria en el nordeste argentino. Cuenta con sedes y delegaciones regionales en las provincias de Corrientes, Chaco, Formosa y Misiones, adem\u00e1s de un consolidado Sistema Institucional de Educaci\u00f3n Digital (SIED).<br>La Universidad desarrolla un modelo pedag\u00f3gico innovador, de enfoque constructivista, basado en el aprender haciendo, aprender conociendo y aprender siendo, orientado a la incorporaci\u00f3n de carreras estrat\u00e9gicas para el desarrollo socioecon\u00f3mico y cultural de la regi\u00f3n, como Psicolog\u00eda, Ingenier\u00eda en Alimentos, Comercio Internacional, Nutrici\u00f3n y Fonoaudiolog\u00eda.<br>La instituci\u00f3n inici\u00f3 su trayectoria acad\u00e9mica en 1993, impulsada por la Fundaci\u00f3n Jean Piaget, antecedida por el Instituto Modelo Jean Piaget<\/p>\n","protected":false},"excerpt":{"rendered":"<p>Este viernes, el gobernador Leandro Zdero firm\u00f3 un Convenio Marco de Cooperaci\u00f3n y Asistencia Rec\u00edproca entre el Gobierno provincial y la Universidad de la Cuenca del Plata (UCP), con el objetivo de consolidar un trabajo conjunto orientado al desarrollo de actividades educativas, culturales y cient\u00edficas, as\u00ed como a la implementaci\u00f3n de proyectos de extensi\u00f3n e [&hellip;]<\/p>\n","protected":false},"author":2,"featured_media":15963,"comment_status":"open","ping_status":"open","sticky":false,"template":"","format":"standard","meta":{"footnotes":""},"categories":[28],"tags":[],"class_list":{"0":"post-15962","1":"post","2":"type-post","3":"status-publish","4":"format-standard","5":"has-post-thumbnail","7":"category-locales"},"aioseo_notices":[],"_links":{"self":[{"href":"https:\/\/lalupa24.com.ar\/index.php\/wp-json\/wp\/v2\/posts\/15962","targetHints":{"allow":["GET"]}}],"collection":[{"href":"https:\/\/lalupa24.com.ar\/index.php\/wp-json\/wp\/v2\/posts"}],"about":[{"href":"https:\/\/lalupa24.com.ar\/index.php\/wp-json\/wp\/v2\/types\/post"}],"author":[{"embeddable":true,"href":"https:\/\/lalupa24.com.ar\/index.php\/wp-json\/wp\/v2\/users\/2"}],"replies":[{"embeddable":true,"href":"https:\/\/lalupa24.com.ar\/index.php\/wp-json\/wp\/v2\/comments?post=15962"}],"version-history":[{"count":1,"href":"https:\/\/lalupa24.com.ar\/index.php\/wp-json\/wp\/v2\/posts\/15962\/revisions"}],"predecessor-version":[{"id":15964,"href":"https:\/\/lalupa24.com.ar\/index.php\/wp-json\/wp\/v2\/posts\/15962\/revisions\/15964"}],"wp:featuredmedia":[{"embeddable":true,"href":"https:\/\/lalupa24.com.ar\/index.php\/wp-json\/wp\/v2\/media\/15963"}],"wp:attachment":[{"href":"https:\/\/lalupa24.com.ar\/index.php\/wp-json\/wp\/v2\/media?parent=15962"}],"wp:term":[{"taxonomy":"category","embeddable":true,"href":"https:\/\/lalupa24.com.ar\/index.php\/wp-json\/wp\/v2\/categories?post=15962"},{"taxonomy":"post_tag","embeddable":true,"href":"https:\/\/lalupa24.com.ar\/index.php\/wp-json\/wp\/v2\/tags?post=15962"}],"curies":[{"name":"wp","href":"https:\/\/api.w.org\/{rel}","templated":true}]}}