{"id":16033,"date":"2026-01-21T13:08:08","date_gmt":"2026-01-21T16:08:08","guid":{"rendered":"https:\/\/lalupa24.com.ar\/?p=16033"},"modified":"2026-01-21T13:08:09","modified_gmt":"2026-01-21T16:08:09","slug":"el-parlamento-europeo-frena-el-acuerdo-con-el-mercosur-y-solicita-una-revision-legal-al-tribunal-de-justicia","status":"publish","type":"post","link":"https:\/\/lalupa24.com.ar\/index.php\/2026\/01\/21\/el-parlamento-europeo-frena-el-acuerdo-con-el-mercosur-y-solicita-una-revision-legal-al-tribunal-de-justicia\/","title":{"rendered":"EL PARLAMENTO EUROPEO FRENA EL ACUERDO CON EL MERCOSUR Y SOLICITA UNA REVISI\u00d3N LEGAL AL TRIBUNAL DE JUSTICIA"},"content":{"rendered":"\n<hr class=\"wp-block-separator has-alpha-channel-opacity\"\/>\n\n\n\n<p>El proceso de ratificaci\u00f3n del acuerdo comercial entre la Uni\u00f3n Europea y el Mercosur ha sufrido un rev\u00e9s institucional de gran calado despu\u00e9s de que el Parlamento Europeo decidiera paralizar su avance. La Euroc\u00e1mara ha aprobado remitir el texto al Tribunal de Justicia de la Uni\u00f3n Europea (TJUE) para que dictamine si el tratado es plenamente compatible con los tratados fundamentales de la comunidad y con los est\u00e1ndares medioambientales vigentes. Esta decisi\u00f3n introduce un factor de incertidumbre legal en una negociaci\u00f3n que se ha extendido por m\u00e1s de dos d\u00e9cadas y que busca crear una de las zonas de libre comercio m\u00e1s grandes del mundo.<\/p>\n\n\n\n<p>La medida responde a la creciente presi\u00f3n de sectores agr\u00edcolas europeos, particularmente de Francia y Espa\u00f1a, y de organizaciones ecologistas que cuestionan el impacto del acuerdo en la biodiversidad y el clima. Seg\u00fan analistas de pol\u00edtica comercial en Bruselas, la principal preocupaci\u00f3n radica en si las cl\u00e1usulas de salvaguarda ambiental son suficientes para garantizar que las importaciones de productos sudamericanos no fomenten la deforestaci\u00f3n. El recurso ante el TJUE busca determinar si el acuerdo, en su formato actual, vulnera el principio de precauci\u00f3n y los compromisos del Pacto Verde Europeo.<\/p>\n\n\n\n<p>Desde el bloque del Mercosur, la noticia ha sido recibida con cautela pero tambi\u00e9n con un evidente malestar diplom\u00e1tico, dado que los pa\u00edses miembros hab\u00edan realizado concesiones significativas para cerrar el pacto. Expertos en relaciones internacionales se\u00f1alan que esta par\u00e1lisis judicial podr\u00eda interpretarse como una maniobra dilatoria por parte de las potencias europeas que enfrentan fuertes protestas internas de sus productores rurales. El env\u00edo del texto a la justicia comunitaria implica que, en el mejor de los casos, la firma final se pospondr\u00e1 varios meses o incluso a\u00f1os, dependiendo de la celeridad del tribunal.<\/p>\n\n\n\n<p>El trasfondo econ\u00f3mico del acuerdo es masivo: se estima que la eliminaci\u00f3n de aranceles podr\u00eda ahorrar a las empresas europeas cerca de 4.000 millones de euros anuales en impuestos de exportaci\u00f3n. Sin embargo, el Parlamento Europeo se encuentra dividido entre quienes ven en el Mercosur un aliado estrat\u00e9gico necesario para reducir la dependencia de China y quienes consideran que la apertura comercial supondr\u00eda una competencia desleal para el sector primario europeo. El dictamen judicial ser\u00e1 vinculante y definir\u00e1 si el tratado requiere modificaciones estructurales antes de poder ser sometido a votaci\u00f3n definitiva.<\/p>\n\n\n\n<p>Hist\u00f3ricamente, el acuerdo UE-Mercosur ha sido blanco de cr\u00edticas por la asimetr\u00eda de las econom\u00edas involucradas y la falta de cap\u00edtulos vinculantes sobre derechos laborales y sostenibilidad. En este sentido, la intervenci\u00f3n del Tribunal de Justicia se percibe como un paso necesario para dotar al acuerdo de una legitimidad jur\u00eddica incuestionable en un contexto de creciente proteccionismo global. Informes previos del Servicio de Estudios del Parlamento Europeo ya hab\u00edan advertido sobre posibles colisiones normativas que este proceso judicial ahora deber\u00e1 clarificar de forma oficial.<\/p>\n\n\n\n<p>La proyecci\u00f3n a corto plazo sugiere un enfriamiento de las relaciones comerciales bilaterales mientras se aguarda el veredicto desde Luxemburgo. Si el TJUE detecta incompatibilidades con los tratados comunitarios, el acuerdo podr\u00eda quedar herido de muerte o requerir una renegociaci\u00f3n parcial que los pa\u00edses del Cono Sur no parecen estar dispuestos a aceptar. Por el momento, el tablero geopol\u00edtico queda en suspenso, reafirmando que, en la Uni\u00f3n Europea actual, la pol\u00edtica comercial ya no puede disociarse de las estrictas exigencias de seguridad jur\u00eddica y est\u00e1ndares clim\u00e1ticos.<\/p>\n","protected":false},"excerpt":{"rendered":"<p>El proceso de ratificaci\u00f3n del acuerdo comercial entre la Uni\u00f3n Europea y el Mercosur ha sufrido un rev\u00e9s institucional de gran calado despu\u00e9s de que el Parlamento Europeo decidiera paralizar su avance. La Euroc\u00e1mara ha aprobado remitir el texto al Tribunal de Justicia de la Uni\u00f3n Europea (TJUE) para que dictamine si el tratado es [&hellip;]<\/p>\n","protected":false},"author":2,"featured_media":16023,"comment_status":"open","ping_status":"open","sticky":false,"template":"","format":"standard","meta":{"footnotes":""},"categories":[25],"tags":[],"class_list":{"0":"post-16033","1":"post","2":"type-post","3":"status-publish","4":"format-standard","5":"has-post-thumbnail","7":"category-internacionales"},"aioseo_notices":[],"_links":{"self":[{"href":"https:\/\/lalupa24.com.ar\/index.php\/wp-json\/wp\/v2\/posts\/16033","targetHints":{"allow":["GET"]}}],"collection":[{"href":"https:\/\/lalupa24.com.ar\/index.php\/wp-json\/wp\/v2\/posts"}],"about":[{"href":"https:\/\/lalupa24.com.ar\/index.php\/wp-json\/wp\/v2\/types\/post"}],"author":[{"embeddable":true,"href":"https:\/\/lalupa24.com.ar\/index.php\/wp-json\/wp\/v2\/users\/2"}],"replies":[{"embeddable":true,"href":"https:\/\/lalupa24.com.ar\/index.php\/wp-json\/wp\/v2\/comments?post=16033"}],"version-history":[{"count":1,"href":"https:\/\/lalupa24.com.ar\/index.php\/wp-json\/wp\/v2\/posts\/16033\/revisions"}],"predecessor-version":[{"id":16034,"href":"https:\/\/lalupa24.com.ar\/index.php\/wp-json\/wp\/v2\/posts\/16033\/revisions\/16034"}],"wp:featuredmedia":[{"embeddable":true,"href":"https:\/\/lalupa24.com.ar\/index.php\/wp-json\/wp\/v2\/media\/16023"}],"wp:attachment":[{"href":"https:\/\/lalupa24.com.ar\/index.php\/wp-json\/wp\/v2\/media?parent=16033"}],"wp:term":[{"taxonomy":"category","embeddable":true,"href":"https:\/\/lalupa24.com.ar\/index.php\/wp-json\/wp\/v2\/categories?post=16033"},{"taxonomy":"post_tag","embeddable":true,"href":"https:\/\/lalupa24.com.ar\/index.php\/wp-json\/wp\/v2\/tags?post=16033"}],"curies":[{"name":"wp","href":"https:\/\/api.w.org\/{rel}","templated":true}]}}