{"id":16087,"date":"2026-01-22T10:02:04","date_gmt":"2026-01-22T13:02:04","guid":{"rendered":"https:\/\/lalupa24.com.ar\/?p=16087"},"modified":"2026-01-22T10:02:05","modified_gmt":"2026-01-22T13:02:05","slug":"acuerdo-mercosur-ue-el-gobierno-argentino-busca-equilibrio-ante-el-freno-europeo-y-la-incertidumbre-legislativa","status":"publish","type":"post","link":"https:\/\/lalupa24.com.ar\/index.php\/2026\/01\/22\/acuerdo-mercosur-ue-el-gobierno-argentino-busca-equilibrio-ante-el-freno-europeo-y-la-incertidumbre-legislativa\/","title":{"rendered":"ACUERDO MERCOSUR-UE: EL GOBIERNO ARGENTINO BUSCA EQUILIBRIO ANTE EL FRENO EUROPEO Y LA INCERTIDUMBRE LEGISLATIVA"},"content":{"rendered":"\n<p>El Gobierno argentino atraviesa una etapa de cautela y expectativa tras los recientes movimientos en el Parlamento Europeo, que han ralentizado la ratificaci\u00f3n del acuerdo de libre comercio entre el Mercosur y la Uni\u00f3n Europea. La administraci\u00f3n de Javier Milei, que ha manifestado una firme voluntad de apertura comercial, oscila hoy entre la preocupaci\u00f3n por las trabas burocr\u00e1ticas en el Viejo Continente y la necesidad estrat\u00e9gica de no someter un texto &#8220;en abstracto&#8221; a la votaci\u00f3n del Congreso Nacional. Esta par\u00e1lisis legislativa responde a la decisi\u00f3n de la Euroc\u00e1mara de remitir el tratado al Tribunal de Justicia de la UE, lo que podr\u00eda dilatar los plazos de implementaci\u00f3n de manera significativa.<\/p>\n\n\n\n<p>La delegaci\u00f3n argentina que particip\u00f3 recientemente en el Foro de Davos mantuvo conversaciones con representantes de diversos pa\u00edses europeos para sondear el clima pol\u00edtico tras el entendimiento alcanzado en Paraguay semanas atr\u00e1s. Seg\u00fan fuentes diplom\u00e1ticas, la principal inquietud radica en una cl\u00e1usula unilateral que podr\u00eda suspender beneficios arancelarios en sectores sensibles hasta que se resuelvan cuestiones de fondo. Para la Casa Rosada, este escenario plantea un dilema: avanzar con la ratificaci\u00f3n local podr\u00eda ser un gesto pol\u00edtico de confianza, pero tambi\u00e9n un riesgo si el texto final sufre modificaciones sustanciales por presiones de los sectores agr\u00edcolas europeos, especialmente en Francia e Italia.<\/p>\n\n\n\n<p>Desde el Ministerio de Relaciones Exteriores y Culto se insiste en que el acuerdo debe ser tratado por el Congreso, pero admiten que la prioridad actual es garantizar que lo aprobado en Am\u00e9rica del Sur tenga un correlato id\u00e9ntico en las instituciones europeas. &#8220;No podemos votar algo que todav\u00eda no tiene una forma definitiva y segura en la contraparte&#8221;, se\u00f1alan analistas del sector, advirtiendo que la remisi\u00f3n al tribunal europeo podr\u00eda extender la incertidumbre entre 18 y 24 meses. Este impase t\u00e9cnico ha generado que el oficialismo ponga un freno a la urgencia legislativa que mostr\u00f3 a principios de enero, priorizando la seguridad jur\u00eddica del tratado.<\/p>\n\n\n\n<p>El contexto econ\u00f3mico refuerza la necesidad de este pacto, dado que el Mercosur busca desesperadamente nuevos mercados para su producci\u00f3n agroindustrial y de servicios. No obstante, las c\u00e1maras industriales locales mantienen un perfil de alerta, se\u00f1alando que la competencia con el bloque europeo ser\u00e1 feroz en un marco de ca\u00edda de la producci\u00f3n interna. El Gobierno, por su parte, conf\u00eda en que la estructura jur\u00eddica elegida por la Comisi\u00f3n Europea permita aplicar partes del tratado de forma provisional, sorteando parcialmente el bloqueo del Parlamento, aunque esta es una herramienta que a\u00fan genera fuertes resistencias pol\u00edticas en Estrasburgo.<\/p>\n\n\n\n<p>La situaci\u00f3n se vuelve m\u00e1s compleja ante la postura de pa\u00edses como Brasil y Uruguay, que tambi\u00e9n observan con escepticismo las idas y vueltas de Bruselas. La estrategia argentina parece ser la de esperar se\u00f1ales claras antes de movilizar su propia maquinaria legislativa. Expertos en comercio internacional sugieren que votar el acuerdo ahora en el Congreso argentino ser\u00eda un movimiento simb\u00f3lico que no garantiza la apertura de mercados si Europa no logra resolver sus internas. Por ello, la orden en los pasillos de Balcarce 50 es monitorear los fallos judiciales europeos y las presiones de los &#8220;farmers&#8221; galos, que siguen siendo el principal escollo para el libre comercio.<\/p>\n\n\n\n<p>A futuro, el \u00e9xito del acuerdo Mercosur-UE depender\u00e1 de la capacidad de los bloques para mitigar las asimetr\u00edas y superar las trabas proteccionistas que han marcado los \u00faltimos 25 a\u00f1os de negociaci\u00f3n. Mientras tanto, el Gobierno argentino continuar\u00e1 su labor de lobby en foros internacionales, intentando que el tratado no se convierta en una pieza de museo diplom\u00e1tico. La proyecci\u00f3n para los pr\u00f3ximos meses indica un enfriamiento del debate parlamentario local, a la espera de un escenario m\u00e1s n\u00edtido que permita convertir las intenciones de apertura en una realidad econ\u00f3mica tangible y segura para los exportadores nacionales.<\/p>\n","protected":false},"excerpt":{"rendered":"<p>El Gobierno argentino atraviesa una etapa de cautela y expectativa tras los recientes movimientos en el Parlamento Europeo, que han ralentizado la ratificaci\u00f3n del acuerdo de libre comercio entre el Mercosur y la Uni\u00f3n Europea. La administraci\u00f3n de Javier Milei, que ha manifestado una firme voluntad de apertura comercial, oscila hoy entre la preocupaci\u00f3n por [&hellip;]<\/p>\n","protected":false},"author":2,"featured_media":16079,"comment_status":"open","ping_status":"open","sticky":false,"template":"","format":"standard","meta":{"footnotes":""},"categories":[26],"tags":[],"class_list":{"0":"post-16087","1":"post","2":"type-post","3":"status-publish","4":"format-standard","5":"has-post-thumbnail","7":"category-nacionales"},"aioseo_notices":[],"_links":{"self":[{"href":"https:\/\/lalupa24.com.ar\/index.php\/wp-json\/wp\/v2\/posts\/16087","targetHints":{"allow":["GET"]}}],"collection":[{"href":"https:\/\/lalupa24.com.ar\/index.php\/wp-json\/wp\/v2\/posts"}],"about":[{"href":"https:\/\/lalupa24.com.ar\/index.php\/wp-json\/wp\/v2\/types\/post"}],"author":[{"embeddable":true,"href":"https:\/\/lalupa24.com.ar\/index.php\/wp-json\/wp\/v2\/users\/2"}],"replies":[{"embeddable":true,"href":"https:\/\/lalupa24.com.ar\/index.php\/wp-json\/wp\/v2\/comments?post=16087"}],"version-history":[{"count":1,"href":"https:\/\/lalupa24.com.ar\/index.php\/wp-json\/wp\/v2\/posts\/16087\/revisions"}],"predecessor-version":[{"id":16088,"href":"https:\/\/lalupa24.com.ar\/index.php\/wp-json\/wp\/v2\/posts\/16087\/revisions\/16088"}],"wp:featuredmedia":[{"embeddable":true,"href":"https:\/\/lalupa24.com.ar\/index.php\/wp-json\/wp\/v2\/media\/16079"}],"wp:attachment":[{"href":"https:\/\/lalupa24.com.ar\/index.php\/wp-json\/wp\/v2\/media?parent=16087"}],"wp:term":[{"taxonomy":"category","embeddable":true,"href":"https:\/\/lalupa24.com.ar\/index.php\/wp-json\/wp\/v2\/categories?post=16087"},{"taxonomy":"post_tag","embeddable":true,"href":"https:\/\/lalupa24.com.ar\/index.php\/wp-json\/wp\/v2\/tags?post=16087"}],"curies":[{"name":"wp","href":"https:\/\/api.w.org\/{rel}","templated":true}]}}