{"id":16112,"date":"2026-01-22T13:56:20","date_gmt":"2026-01-22T16:56:20","guid":{"rendered":"https:\/\/lalupa24.com.ar\/?p=16112"},"modified":"2026-01-22T13:56:21","modified_gmt":"2026-01-22T16:56:21","slug":"verano-2026-talleres-de-oficios-en-los-centros-comunitarios-de-resistencia","status":"publish","type":"post","link":"https:\/\/lalupa24.com.ar\/index.php\/2026\/01\/22\/verano-2026-talleres-de-oficios-en-los-centros-comunitarios-de-resistencia\/","title":{"rendered":"Verano 2026 talleres de oficios en los centros comunitarios de Resistencia"},"content":{"rendered":"\n<p>La Subsecretar\u00eda de Econom\u00eda para el Desarrollo, perteneciente al Ministerio de Desarrollo Humano, puso en marcha una nueva edici\u00f3n de los Talleres de Verano en Fibrof\u00e1cil, una propuesta de capacitaci\u00f3n 2026 orientada a oficios con r\u00e1pida salida laboral, que se desarrolla en distintos barrios de la ciudad de Resistencia.<\/p>\n\n\n\n<p>Las capacitaciones se dictan de 17:30 a 19:30 en Centros Comunitarios Municipales (CCM), con el objetivo de brindar herramientas pr\u00e1cticas que permitan fortalecer un oficio o aprender uno nuevo, impulsando el emprendedurismo y la generaci\u00f3n de oportunidades laborales.<\/p>\n\n\n\n<p>Cronograma:<br>-CCM Santa Rita: viernes 23 de enero<br>-CCM Parque Independencia: mi\u00e9rcoles 28 de enero<br>-CCM Villa del Parque: viernes 30 de enero<\/p>\n\n\n\n<p>Los talleres son desarrollados por la Subsecretar\u00eda de Econom\u00eda para el Desarrollo y, en esta oportunidad, se llevan adelante de manera articulada con el Municipio de Resistencia, con el fin de acercar la capacitaci\u00f3n a los distintos Centros Comunitarios. Al respecto, la subsecretaria Viviana Garc\u00eda destac\u00f3: \u201cEstos talleres est\u00e1n pensados para ense\u00f1ar y fortalecer oficios, pero tambi\u00e9n para que quienes participan puedan animarse a emprender y generar una salida laboral concreta en poco tiempo.\u201d<br>Asimismo, remarc\u00f3 la importancia del trabajo conjunto \u201cLa articulaci\u00f3n nos permite llegar a los barrios y acercar oportunidades reales de capacitaci\u00f3n a m\u00e1s vecinos.\u201d<br>Finalmente, Garc\u00eda subray\u00f3 el esp\u00edritu de la propuesta: \u201cAprender para emprender y ense\u00f1ar para fortalecer el oficio es el camino para acompa\u00f1ar a quienes quieren crecer con su propio trabajo.\u201d<\/p>\n\n\n\n<p>Quienes deseen m\u00e1s informaci\u00f3n pueden acercarse al espacio de la Subsecretar\u00eda, ubicado en calle Per\u00f3n 2398, Resistencia, o comunicarse al 362-5238781<\/p>\n","protected":false},"excerpt":{"rendered":"<p>La Subsecretar\u00eda de Econom\u00eda para el Desarrollo, perteneciente al Ministerio de Desarrollo Humano, puso en marcha una nueva edici\u00f3n de los Talleres de Verano en Fibrof\u00e1cil, una propuesta de capacitaci\u00f3n 2026 orientada a oficios con r\u00e1pida salida laboral, que se desarrolla en distintos barrios de la ciudad de Resistencia. Las capacitaciones se dictan de 17:30 [&hellip;]<\/p>\n","protected":false},"author":2,"featured_media":16113,"comment_status":"open","ping_status":"open","sticky":false,"template":"","format":"standard","meta":{"footnotes":""},"categories":[28],"tags":[],"class_list":{"0":"post-16112","1":"post","2":"type-post","3":"status-publish","4":"format-standard","5":"has-post-thumbnail","7":"category-locales"},"aioseo_notices":[],"_links":{"self":[{"href":"https:\/\/lalupa24.com.ar\/index.php\/wp-json\/wp\/v2\/posts\/16112","targetHints":{"allow":["GET"]}}],"collection":[{"href":"https:\/\/lalupa24.com.ar\/index.php\/wp-json\/wp\/v2\/posts"}],"about":[{"href":"https:\/\/lalupa24.com.ar\/index.php\/wp-json\/wp\/v2\/types\/post"}],"author":[{"embeddable":true,"href":"https:\/\/lalupa24.com.ar\/index.php\/wp-json\/wp\/v2\/users\/2"}],"replies":[{"embeddable":true,"href":"https:\/\/lalupa24.com.ar\/index.php\/wp-json\/wp\/v2\/comments?post=16112"}],"version-history":[{"count":1,"href":"https:\/\/lalupa24.com.ar\/index.php\/wp-json\/wp\/v2\/posts\/16112\/revisions"}],"predecessor-version":[{"id":16114,"href":"https:\/\/lalupa24.com.ar\/index.php\/wp-json\/wp\/v2\/posts\/16112\/revisions\/16114"}],"wp:featuredmedia":[{"embeddable":true,"href":"https:\/\/lalupa24.com.ar\/index.php\/wp-json\/wp\/v2\/media\/16113"}],"wp:attachment":[{"href":"https:\/\/lalupa24.com.ar\/index.php\/wp-json\/wp\/v2\/media?parent=16112"}],"wp:term":[{"taxonomy":"category","embeddable":true,"href":"https:\/\/lalupa24.com.ar\/index.php\/wp-json\/wp\/v2\/categories?post=16112"},{"taxonomy":"post_tag","embeddable":true,"href":"https:\/\/lalupa24.com.ar\/index.php\/wp-json\/wp\/v2\/tags?post=16112"}],"curies":[{"name":"wp","href":"https:\/\/api.w.org\/{rel}","templated":true}]}}