{"id":16127,"date":"2026-01-22T14:08:27","date_gmt":"2026-01-22T17:08:27","guid":{"rendered":"https:\/\/lalupa24.com.ar\/?p=16127"},"modified":"2026-01-22T14:09:16","modified_gmt":"2026-01-22T17:09:16","slug":"capacitaron-a-vecinos-del-244-viviendas-en-las-tecnicas-de-fibrofacil-de-madera","status":"publish","type":"post","link":"https:\/\/lalupa24.com.ar\/index.php\/2026\/01\/22\/capacitaron-a-vecinos-del-244-viviendas-en-las-tecnicas-de-fibrofacil-de-madera\/","title":{"rendered":"Capacitaron a vecinos del 244 viviendas en las t\u00e9cnicas de fibrofacil de madera"},"content":{"rendered":"\n<p><\/p>\n\n\n\n<p>En el Centro Comunitario del barrio 244 Viviendas se llev\u00f3 adelante una capacitaci\u00f3n de fibrof\u00e1cil en madera, tarea conjunta entre el Municipio de Resistencia y la Provincia, a trav\u00e9s de la Subsecretar\u00eda de Desarrollo Humano.<\/p>\n\n\n\n<p>La misma se enfoca en t\u00e9cnicas de decoraci\u00f3n y manualidades, ofreciendo cursos online y presenciales que cubren desde t\u00e9cnicas b\u00e1sicas (lijar, pintar, decoupage, lacado) hasta proyectos m\u00e1s avanzados<\/p>\n\n\n\n<p>Rosana Peralta fue la encargada de la clase, con una duraci\u00f3n de dos horas, y que en esta oportunidad se capacit\u00f3 para trabajos en madera de 3 y 5 mil\u00edmetros.<\/p>\n\n\n\n<p>\u201cMostramos la base, la idea es aprender hoy para emprender ma\u00f1ana, les ense\u00f1amos a manipular, no tenerle miedo, sino seguridad\u201d, acot\u00f3.<\/p>\n\n\n\n<p>Con esta clase se ense\u00f1\u00f3 como marcar la madera, moldearla, tener un modelo y luego cortar, lijar y, si se desea, pintarla o simplemente pegar adhesivos.<\/p>\n\n\n\n<p>Estas producciones pueden servir de regalo o para comercializar, en especial creando llaveros, porta celulares o bandejas.<\/p>\n\n\n\n<p>Marta Garc\u00eda, de la Subsecretar\u00eda de Econom\u00eda para el Desarrollo, destac\u00f3 este emprendimiento conjunto para capacitar a la gente.<\/p>\n","protected":false},"excerpt":{"rendered":"<p>En el Centro Comunitario del barrio 244 Viviendas se llev\u00f3 adelante una capacitaci\u00f3n de fibrof\u00e1cil en madera, tarea conjunta entre el Municipio de Resistencia y la Provincia, a trav\u00e9s de la Subsecretar\u00eda de Desarrollo Humano. La misma se enfoca en t\u00e9cnicas de decoraci\u00f3n y manualidades, ofreciendo cursos online y presenciales que cubren desde t\u00e9cnicas b\u00e1sicas [&hellip;]<\/p>\n","protected":false},"author":2,"featured_media":16130,"comment_status":"open","ping_status":"open","sticky":false,"template":"","format":"standard","meta":{"footnotes":""},"categories":[28],"tags":[],"class_list":{"0":"post-16127","1":"post","2":"type-post","3":"status-publish","4":"format-standard","5":"has-post-thumbnail","7":"category-locales"},"aioseo_notices":[],"_links":{"self":[{"href":"https:\/\/lalupa24.com.ar\/index.php\/wp-json\/wp\/v2\/posts\/16127","targetHints":{"allow":["GET"]}}],"collection":[{"href":"https:\/\/lalupa24.com.ar\/index.php\/wp-json\/wp\/v2\/posts"}],"about":[{"href":"https:\/\/lalupa24.com.ar\/index.php\/wp-json\/wp\/v2\/types\/post"}],"author":[{"embeddable":true,"href":"https:\/\/lalupa24.com.ar\/index.php\/wp-json\/wp\/v2\/users\/2"}],"replies":[{"embeddable":true,"href":"https:\/\/lalupa24.com.ar\/index.php\/wp-json\/wp\/v2\/comments?post=16127"}],"version-history":[{"count":1,"href":"https:\/\/lalupa24.com.ar\/index.php\/wp-json\/wp\/v2\/posts\/16127\/revisions"}],"predecessor-version":[{"id":16129,"href":"https:\/\/lalupa24.com.ar\/index.php\/wp-json\/wp\/v2\/posts\/16127\/revisions\/16129"}],"wp:featuredmedia":[{"embeddable":true,"href":"https:\/\/lalupa24.com.ar\/index.php\/wp-json\/wp\/v2\/media\/16130"}],"wp:attachment":[{"href":"https:\/\/lalupa24.com.ar\/index.php\/wp-json\/wp\/v2\/media?parent=16127"}],"wp:term":[{"taxonomy":"category","embeddable":true,"href":"https:\/\/lalupa24.com.ar\/index.php\/wp-json\/wp\/v2\/categories?post=16127"},{"taxonomy":"post_tag","embeddable":true,"href":"https:\/\/lalupa24.com.ar\/index.php\/wp-json\/wp\/v2\/tags?post=16127"}],"curies":[{"name":"wp","href":"https:\/\/api.w.org\/{rel}","templated":true}]}}