{"id":16132,"date":"2026-01-22T14:14:23","date_gmt":"2026-01-22T17:14:23","guid":{"rendered":"https:\/\/lalupa24.com.ar\/?p=16132"},"modified":"2026-01-22T14:14:24","modified_gmt":"2026-01-22T17:14:24","slug":"javier-milei-participo-de-la-firma-del-consejo-de-la-paz-creado-por-donald-trump","status":"publish","type":"post","link":"https:\/\/lalupa24.com.ar\/index.php\/2026\/01\/22\/javier-milei-participo-de-la-firma-del-consejo-de-la-paz-creado-por-donald-trump\/","title":{"rendered":"Javier Milei particip\u00f3 de la firma del Consejo de la Paz creado por Donald Trump"},"content":{"rendered":"\n<p>El mandatario asisti\u00f3 a la ceremonia que puso en marcha la iniciativa del republicano y dej\u00f3 su firma.<\/p>\n\n\n\n<p>En su paso por Suiza, a donde viaj\u00f3 para participar del Foro Econ\u00f3mico de Davos, el presidente Javier Milei asisti\u00f3 este jueves a la ceremonia que dio lugar a la firma del Consejo de la Paz creado por Donald Trump.<\/p>\n\n\n\n<p>El mandatario puso su firma en la formalizaci\u00f3n del Consejo de la Paz impulsado por su par republicano para bregar por la paz en la Franja de Gaza, entre otros conflictos globales.<\/p>\n\n\n\n<p>Oficialmente denominado Board of Peace, esta entidad internacional fue lanzada por Trump como una alternativa a la Organizaci\u00f3n de las Naciones Unidas (ONU), para que intervenga y lleve adelante acuerdos en territorios que presenten enfrentamientos b\u00e9licos.<\/p>\n\n\n\n<p>Si bien el objetivo principal es supervisar el alto el fuego en la Franja de Gaza y solucionar el conflicto entre Israel y Ham\u00e1s, el presidente de Estados Unidos explic\u00f3 que este Consejo prev\u00e9 intervenir en otros conflictos con el fin de promover la estabilidad internacional.<\/p>\n\n\n\n<p>El presidente Milei estuvo acompa\u00f1ado por la delegaci\u00f3n presidencial compuesta por los ministros Luis Caputo (Econom\u00eda), Federico Sturzenegger (Desregulaci\u00f3n y Transformaci\u00f3n del Estado) y Pablo Quirno (Relaciones Exteriores) y por la secretaria general de la Presidencia, Karina Milei. <\/p>\n\n\n\n<p>Tras la firma del acta fundacional de la instancia impulsada por Trump en Davos, Milei espera dar una serie de entrevistas, la primera con la agencia de noticias Bloomberg y luego con The Economist, ante la editora en Jefe, Zanny Minton Beddoes.<\/p>\n\n\n\n<p>Finalmente, a las 18 (14 en la Argentina) el libertario emprender\u00e1 el regreso al pa\u00eds.<\/p>\n","protected":false},"excerpt":{"rendered":"<p>El mandatario asisti\u00f3 a la ceremonia que puso en marcha la iniciativa del republicano y dej\u00f3 su firma. En su paso por Suiza, a donde viaj\u00f3 para participar del Foro Econ\u00f3mico de Davos, el presidente Javier Milei asisti\u00f3 este jueves a la ceremonia que dio lugar a la firma del Consejo de la Paz creado [&hellip;]<\/p>\n","protected":false},"author":11,"featured_media":16136,"comment_status":"open","ping_status":"open","sticky":false,"template":"","format":"standard","meta":{"footnotes":""},"categories":[26],"tags":[],"class_list":{"0":"post-16132","1":"post","2":"type-post","3":"status-publish","4":"format-standard","5":"has-post-thumbnail","7":"category-nacionales"},"aioseo_notices":[],"_links":{"self":[{"href":"https:\/\/lalupa24.com.ar\/index.php\/wp-json\/wp\/v2\/posts\/16132","targetHints":{"allow":["GET"]}}],"collection":[{"href":"https:\/\/lalupa24.com.ar\/index.php\/wp-json\/wp\/v2\/posts"}],"about":[{"href":"https:\/\/lalupa24.com.ar\/index.php\/wp-json\/wp\/v2\/types\/post"}],"author":[{"embeddable":true,"href":"https:\/\/lalupa24.com.ar\/index.php\/wp-json\/wp\/v2\/users\/11"}],"replies":[{"embeddable":true,"href":"https:\/\/lalupa24.com.ar\/index.php\/wp-json\/wp\/v2\/comments?post=16132"}],"version-history":[{"count":1,"href":"https:\/\/lalupa24.com.ar\/index.php\/wp-json\/wp\/v2\/posts\/16132\/revisions"}],"predecessor-version":[{"id":16137,"href":"https:\/\/lalupa24.com.ar\/index.php\/wp-json\/wp\/v2\/posts\/16132\/revisions\/16137"}],"wp:featuredmedia":[{"embeddable":true,"href":"https:\/\/lalupa24.com.ar\/index.php\/wp-json\/wp\/v2\/media\/16136"}],"wp:attachment":[{"href":"https:\/\/lalupa24.com.ar\/index.php\/wp-json\/wp\/v2\/media?parent=16132"}],"wp:term":[{"taxonomy":"category","embeddable":true,"href":"https:\/\/lalupa24.com.ar\/index.php\/wp-json\/wp\/v2\/categories?post=16132"},{"taxonomy":"post_tag","embeddable":true,"href":"https:\/\/lalupa24.com.ar\/index.php\/wp-json\/wp\/v2\/tags?post=16132"}],"curies":[{"name":"wp","href":"https:\/\/api.w.org\/{rel}","templated":true}]}}