{"id":16146,"date":"2026-01-23T10:58:55","date_gmt":"2026-01-23T13:58:55","guid":{"rendered":"https:\/\/lalupa24.com.ar\/?p=16146"},"modified":"2026-01-23T10:58:56","modified_gmt":"2026-01-23T13:58:56","slug":"milei-retoma-la-agenda-territorial-tras-su-paso-por-davos-el-presidente-busca-reforzar-su-armado-politico-en-mar-del-plata","status":"publish","type":"post","link":"https:\/\/lalupa24.com.ar\/index.php\/2026\/01\/23\/milei-retoma-la-agenda-territorial-tras-su-paso-por-davos-el-presidente-busca-reforzar-su-armado-politico-en-mar-del-plata\/","title":{"rendered":"MILEI RETOMA LA AGENDA TERRITORIAL: TRAS SU PASO POR DAVOS, EL PRESIDENTE BUSCA REFORZAR SU ARMADO POL\u00cdTICO EN MAR DEL PLATA"},"content":{"rendered":"\n<hr class=\"wp-block-separator has-alpha-channel-opacity\"\/>\n\n\n\n<h2 class=\"wp-block-heading\"><\/h2>\n\n\n\n<p>Tras concluir su participaci\u00f3n en el Foro Econ\u00f3mico Mundial de Davos, donde reafirm\u00f3 su posicionamiento internacional y su defensa del modelo libertario, el presidente Javier Milei regres\u00f3 a la Argentina con un objetivo claro: reactivar la maquinaria partidaria. En un contexto de alta volatilidad pol\u00edtica y negociaciones legislativas en curso, el mandatario nacional ha decidido poner el foco en el territorio bonaerense, iniciando una recorrida estrat\u00e9gica por la ciudad de Mar del Plata que marca el inicio de una nueva fase en su gesti\u00f3n comunicativa y pol\u00edtica.<\/p>\n\n\n\n<p>Este movimiento no es casual y responde a la necesidad de mantener el contacto directo con su base electoral en plena temporada de verano. Fuentes cercanas al Poder Ejecutivo se\u00f1alan que la intenci\u00f3n de Milei es consolidar la presencia de La Libertad Avanza en los principales distritos del pa\u00eds, anticip\u00e1ndose a los desaf\u00edos que enfrentar\u00e1 el Gobierno en el Congreso durante los pr\u00f3ximos meses. La visita a la ciudad costera se percibe como un gesto de fortaleza tras los encuentros con l\u00edderes globales y empresarios de primer nivel en Suiza.<\/p>\n\n\n\n<p>El viaje a Davos dej\u00f3 un saldo que el oficialismo califica como positivo, destacando la recepci\u00f3n de las propuestas de desregulaci\u00f3n econ\u00f3mica por parte del capital extranjero. No obstante, el regreso a la realidad dom\u00e9stica impone una agenda marcada por la microeconom\u00eda y la presi\u00f3n de los gobernadores. Seg\u00fan analistas pol\u00edticos, el Presidente busca capitalizar el &#8220;efecto Davos&#8221; para apuntalar su imagen interna, utilizando la m\u00edstica de sus recorridas callejeras para demostrar que el apoyo popular a su plan de ajuste permanece s\u00f3lido.<\/p>\n\n\n\n<p>Durante su estancia en Mar del Plata, se espera que el mandatario mantenga encuentros con sectores productivos y referentes locales del espacio libertario. Esta actividad se suma a un esquema de trabajo que busca descentralizar la gesti\u00f3n de la Ciudad de Buenos Aires y llevar el discurso oficial a los centros urbanos con mayor peso demogr\u00e1fico. La estrategia partidaria, coordinada en gran medida por la Secretar\u00eda General de la Presidencia, apunta a blindar la narrativa gubernamental frente a las cr\u00edticas de la oposici\u00f3n y los sectores gremiales.<\/p>\n\n\n\n<p>Desde el punto de vista econ\u00f3mico, la presencia del jefe de Estado en uno de los principales polos tur\u00edsticos del pa\u00eds busca tambi\u00e9n enviar una se\u00f1al de respaldo a la actividad privada en un a\u00f1o de transici\u00f3n. Los datos del sector tur\u00edstico en la provincia de Buenos Aires muestran una din\u00e1mica compleja bajo el nuevo esquema de precios, y la administraci\u00f3n central conf\u00eda en que la estabilidad macroecon\u00f3mica derivada de sus reformas estructurales comenzar\u00e1 a dar frutos en el corto plazo para los prestadores de servicios y el consumo.<\/p>\n\n\n\n<p>De cara al futuro inmediato, la recorrida por Mar del Plata ser\u00e1 el puntapi\u00e9 inicial de una serie de visitas al interior del pa\u00eds. La proyecci\u00f3n del Gobierno es mantener un equilibrio entre la agenda global de inserci\u00f3n en mercados internacionales y la consolidaci\u00f3n de un aparato pol\u00edtico propio que sea capaz de competir con fuerza en las elecciones legislativas de 2025. El \u00e9xito de esta &#8220;vuelta al territorio&#8221; depender\u00e1 de la capacidad del Presidente para traducir sus logros ret\u00f3ricos en el exterior en soluciones palpables para la ciudadan\u00eda argentina.<\/p>\n","protected":false},"excerpt":{"rendered":"<p>Tras concluir su participaci\u00f3n en el Foro Econ\u00f3mico Mundial de Davos, donde reafirm\u00f3 su posicionamiento internacional y su defensa del modelo libertario, el presidente Javier Milei regres\u00f3 a la Argentina con un objetivo claro: reactivar la maquinaria partidaria. En un contexto de alta volatilidad pol\u00edtica y negociaciones legislativas en curso, el mandatario nacional ha decidido [&hellip;]<\/p>\n","protected":false},"author":2,"featured_media":16147,"comment_status":"open","ping_status":"open","sticky":false,"template":"","format":"standard","meta":{"footnotes":""},"categories":[26],"tags":[],"class_list":{"0":"post-16146","1":"post","2":"type-post","3":"status-publish","4":"format-standard","5":"has-post-thumbnail","7":"category-nacionales"},"aioseo_notices":[],"_links":{"self":[{"href":"https:\/\/lalupa24.com.ar\/index.php\/wp-json\/wp\/v2\/posts\/16146","targetHints":{"allow":["GET"]}}],"collection":[{"href":"https:\/\/lalupa24.com.ar\/index.php\/wp-json\/wp\/v2\/posts"}],"about":[{"href":"https:\/\/lalupa24.com.ar\/index.php\/wp-json\/wp\/v2\/types\/post"}],"author":[{"embeddable":true,"href":"https:\/\/lalupa24.com.ar\/index.php\/wp-json\/wp\/v2\/users\/2"}],"replies":[{"embeddable":true,"href":"https:\/\/lalupa24.com.ar\/index.php\/wp-json\/wp\/v2\/comments?post=16146"}],"version-history":[{"count":1,"href":"https:\/\/lalupa24.com.ar\/index.php\/wp-json\/wp\/v2\/posts\/16146\/revisions"}],"predecessor-version":[{"id":16166,"href":"https:\/\/lalupa24.com.ar\/index.php\/wp-json\/wp\/v2\/posts\/16146\/revisions\/16166"}],"wp:featuredmedia":[{"embeddable":true,"href":"https:\/\/lalupa24.com.ar\/index.php\/wp-json\/wp\/v2\/media\/16147"}],"wp:attachment":[{"href":"https:\/\/lalupa24.com.ar\/index.php\/wp-json\/wp\/v2\/media?parent=16146"}],"wp:term":[{"taxonomy":"category","embeddable":true,"href":"https:\/\/lalupa24.com.ar\/index.php\/wp-json\/wp\/v2\/categories?post=16146"},{"taxonomy":"post_tag","embeddable":true,"href":"https:\/\/lalupa24.com.ar\/index.php\/wp-json\/wp\/v2\/tags?post=16146"}],"curies":[{"name":"wp","href":"https:\/\/api.w.org\/{rel}","templated":true}]}}