{"id":16179,"date":"2026-01-23T11:05:02","date_gmt":"2026-01-23T14:05:02","guid":{"rendered":"https:\/\/lalupa24.com.ar\/?p=16179"},"modified":"2026-01-23T11:05:03","modified_gmt":"2026-01-23T14:05:03","slug":"el-kirchnerismo-activa-una-campana-nacional-por-la-liberacion-de-cristina-fernandez-tras-su-regreso-a-la-arena-politica","status":"publish","type":"post","link":"https:\/\/lalupa24.com.ar\/index.php\/2026\/01\/23\/el-kirchnerismo-activa-una-campana-nacional-por-la-liberacion-de-cristina-fernandez-tras-su-regreso-a-la-arena-politica\/","title":{"rendered":"EL KIRCHNERISMO ACTIVA UNA CAMPA\u00d1A NACIONAL POR LA LIBERACI\u00d3N DE CRISTINA FERN\u00c1NDEZ TRAS SU REGRESO A LA ARENA POL\u00cdTICA"},"content":{"rendered":"\n<p>En un giro estrat\u00e9gico que redefine el tablero pol\u00edtico de cara al calendario electoral, Cristina Fern\u00e1ndez de Kirchner ha decidido retomar una actividad p\u00fablica intensa, marcando el inicio de una ofensiva pol\u00edtica del sector m\u00e1s cercano a su figura.<sup><\/sup> El kirchnerismo anunci\u00f3 que, a partir de febrero, lanzar\u00e1 una campa\u00f1a nacional bajo la consigna de su &#8220;liberaci\u00f3n&#8221;, denunciando lo que consideran una persecuci\u00f3n judicial sist\u00e9mica que busca proscribir a la ex mandataria.<sup><\/sup> Este movimiento no solo busca aglutinar a la militancia propia, sino tambi\u00e9n presionar a las estructuras internas del Partido Justicialista (PJ) en un momento de fuertes tensiones de liderazgo.<\/p>\n\n\n\n<p>El despliegue territorial previsto para el pr\u00f3ximo mes incluir\u00e1 actos en las principales provincias y una fuerte presencia en redes sociales y medios de comunicaci\u00f3n afines. Seg\u00fan fuentes del Instituto Patria, la narrativa se centrar\u00e1 en la &#8220;ilegitimidad&#8221; de los procesos judiciales que enfrent\u00f3 la ex presidenta, vincul\u00e1ndolos con un plan de disciplinamiento para los l\u00edderes populares de la regi\u00f3n. La estrategia busca instalar el tema en la agenda p\u00fablica antes del vencimiento de plazos clave para la presentaci\u00f3n de listas electorales, enviando un mensaje directo tanto a la justicia como al Gobierno de Javier Milei.<\/p>\n\n\n\n<p>Dentro del peronismo, el regreso de Cristina Fern\u00e1ndez genera reacciones diversas. Mientras que figuras como Juan Grabois han sido enf\u00e1ticos en que cualquier candidatura del frente debe garantizar un compromiso con el indulto o la revisi\u00f3n de sus causas, otros sectores alineados con gobernadores mantienen una distancia prudencial. No obstante, la centralidad de la ex vicepresidenta obliga a todos los actores del espacio a posicionarse, complicando los intentos de renovaci\u00f3n que impulsaban sectores moderados del PJ Bonaerense y del interior del pa\u00eds, quienes abogan por una etapa post-kirchnerista.<\/p>\n\n\n\n<p>El contexto de esta campa\u00f1a tambi\u00e9n est\u00e1 marcado por la relaci\u00f3n fr\u00eda con el gobernador Axel Kicillof, cuya gesti\u00f3n se ve tironeada entre la lealtad hist\u00f3rica y la necesidad de construir un proyecto propio con autonom\u00eda. Los analistas pol\u00edticos sugieren que la movilizaci\u00f3n de febrero busca &#8220;marcar la cancha&#8221; y asegurar que cualquier estrategia de unidad pase necesariamente por el filtro de la ex jefa de Estado. La polarizaci\u00f3n, herramienta que ha servido a ambos extremos del arco pol\u00edtico, vuelve a presentarse como el eje ordenador de la confrontaci\u00f3n p\u00fablica argentina.<\/p>\n\n\n\n<p>Desde el punto de vista legal, la campa\u00f1a por la liberaci\u00f3n se enfrenta a un escenario complejo, dado que las sentencias en su contra han avanzado en distintas instancias. Sin embargo, para el n\u00facleo duro del kirchnerismo, la batalla no es jur\u00eddica sino eminentemente pol\u00edtica. Argumentan que la proscripci\u00f3n de su l\u00edder vicia de nulidad el sistema democr\u00e1tico actual, una tesis que buscar\u00e1n instalar con fuerza en las calles durante las pr\u00f3ximas semanas para condicionar el humor social y la gobernabilidad del oficialismo nacional.<\/p>\n\n\n\n<p>La proyecci\u00f3n de este conflicto sugiere un primer trimestre del a\u00f1o de alta intensidad pol\u00edtica. El impacto de la campa\u00f1a se medir\u00e1 en la capacidad de convocatoria y en el grado de adhesi\u00f3n que logre dentro de un peronismo que a\u00fan no termina de lamer sus heridas tras la derrota de 2023. Si la movilizaci\u00f3n logra reactivar el entusiasmo de las bases, Cristina Fern\u00e1ndez reafirmar\u00e1 su rol de gran electora; de lo contrario, podr\u00eda profundizar las fracturas internas en un movimiento que busca desesperadamente un rumbo claro frente al avance del libertarismo.<\/p>\n","protected":false},"excerpt":{"rendered":"<p>En un giro estrat\u00e9gico que redefine el tablero pol\u00edtico de cara al calendario electoral, Cristina Fern\u00e1ndez de Kirchner ha decidido retomar una actividad p\u00fablica intensa, marcando el inicio de una ofensiva pol\u00edtica del sector m\u00e1s cercano a su figura. El kirchnerismo anunci\u00f3 que, a partir de febrero, lanzar\u00e1 una campa\u00f1a nacional bajo la consigna de [&hellip;]<\/p>\n","protected":false},"author":2,"featured_media":16154,"comment_status":"open","ping_status":"open","sticky":false,"template":"","format":"standard","meta":{"footnotes":""},"categories":[26],"tags":[],"class_list":{"0":"post-16179","1":"post","2":"type-post","3":"status-publish","4":"format-standard","5":"has-post-thumbnail","7":"category-nacionales"},"aioseo_notices":[],"_links":{"self":[{"href":"https:\/\/lalupa24.com.ar\/index.php\/wp-json\/wp\/v2\/posts\/16179","targetHints":{"allow":["GET"]}}],"collection":[{"href":"https:\/\/lalupa24.com.ar\/index.php\/wp-json\/wp\/v2\/posts"}],"about":[{"href":"https:\/\/lalupa24.com.ar\/index.php\/wp-json\/wp\/v2\/types\/post"}],"author":[{"embeddable":true,"href":"https:\/\/lalupa24.com.ar\/index.php\/wp-json\/wp\/v2\/users\/2"}],"replies":[{"embeddable":true,"href":"https:\/\/lalupa24.com.ar\/index.php\/wp-json\/wp\/v2\/comments?post=16179"}],"version-history":[{"count":1,"href":"https:\/\/lalupa24.com.ar\/index.php\/wp-json\/wp\/v2\/posts\/16179\/revisions"}],"predecessor-version":[{"id":16180,"href":"https:\/\/lalupa24.com.ar\/index.php\/wp-json\/wp\/v2\/posts\/16179\/revisions\/16180"}],"wp:featuredmedia":[{"embeddable":true,"href":"https:\/\/lalupa24.com.ar\/index.php\/wp-json\/wp\/v2\/media\/16154"}],"wp:attachment":[{"href":"https:\/\/lalupa24.com.ar\/index.php\/wp-json\/wp\/v2\/media?parent=16179"}],"wp:term":[{"taxonomy":"category","embeddable":true,"href":"https:\/\/lalupa24.com.ar\/index.php\/wp-json\/wp\/v2\/categories?post=16179"},{"taxonomy":"post_tag","embeddable":true,"href":"https:\/\/lalupa24.com.ar\/index.php\/wp-json\/wp\/v2\/tags?post=16179"}],"curies":[{"name":"wp","href":"https:\/\/api.w.org\/{rel}","templated":true}]}}