{"id":16199,"date":"2026-01-23T11:12:19","date_gmt":"2026-01-23T14:12:19","guid":{"rendered":"https:\/\/lalupa24.com.ar\/?p=16199"},"modified":"2026-01-23T11:12:20","modified_gmt":"2026-01-23T14:12:20","slug":"difunden-nuevas-imagenes-de-la-discusion-que-derivo-en-la-retencion-de-una-argentina-en-brasil-por-racismo","status":"publish","type":"post","link":"https:\/\/lalupa24.com.ar\/index.php\/2026\/01\/23\/difunden-nuevas-imagenes-de-la-discusion-que-derivo-en-la-retencion-de-una-argentina-en-brasil-por-racismo\/","title":{"rendered":"DIFUNDEN NUEVAS IM\u00c1GENES DE LA DISCUSI\u00d3N QUE DERIV\u00d3 EN LA RETENCI\u00d3N DE UNA ARGENTINA EN BRASIL POR RACISMO"},"content":{"rendered":"\n<p>Un nuevo registro audiovisual ha salido a la luz en relaci\u00f3n con el incidente protagonizado por una abogada e influencer argentina en R\u00edo de Janeiro, quien se encuentra retenida por las autoridades brasile\u00f1as tras ser denunciada por gestos racistas. El video, captado por c\u00e1maras de seguridad y dispositivos m\u00f3viles, muestra con mayor claridad la secuencia de la discusi\u00f3n ocurrida en un bar del exclusivo barrio de Ipanema. En las im\u00e1genes se observa el momento exacto en que la mujer, identificada como Paez, realiza gestos que imitan a un mono frente al personal del establecimiento, un acto que en Brasil es castigado con severidad bajo leyes de injuria racial que no admiten fianza.<\/p>\n\n\n\n<p>La controversia se origin\u00f3, seg\u00fan la versi\u00f3n de la involucrada, debido a una disputa por el cobro de la cuenta, la cual ella consideraba excesiva y err\u00f3nea. De acuerdo con sus declaraciones posteriores, la reacci\u00f3n fue el resultado de una provocaci\u00f3n previa por parte de los empleados, quienes presuntamente habr\u00edan realizado gestos obscenos hacia ella y su grupo de amigas. &#8220;Obviamente ha sido la peor reacci\u00f3n, estoy muy arrepentida&#8221;, admiti\u00f3 la profesional santiague\u00f1a ante los medios, aunque sostuvo que sus ademanes no estaban dirigidos espec\u00edficamente al personal del bar con una intenci\u00f3n discriminatoria, sino que fueron una respuesta impulsiva en medio de la tensi\u00f3n.<\/p>\n\n\n\n<p>No obstante, la legislaci\u00f3n brasile\u00f1a ha endurecido notablemente las penas por racismo en los \u00faltimos a\u00f1os, equiparando la injuria racial al delito de racismo, lo que implica que es imprescriptible e inalienable. Debido a esto, la justicia local ha impuesto medidas restrictivas a la ciudadana argentina, quien deber\u00e1 permanecer en el pa\u00eds bajo libertad vigilada y con la obligaci\u00f3n de utilizar una tobillera electr\u00f3nica mientras avance el proceso judicial. Este caso ha reavivado el debate sobre el comportamiento de los turistas en el extranjero y la rigurosidad de las leyes contra la discriminaci\u00f3n en el pa\u00eds vecino, que busca erradicar estas conductas de ra\u00edz.<\/p>\n\n\n\n<p>Desde el Consulado Argentino en R\u00edo de Janeiro se ha informado que se brindar\u00e1 asistencia consular a la joven, aunque aclararon que no intervendr\u00e1n en el tr\u00e1mite judicial, respetando la soberan\u00eda de las leyes brasile\u00f1as. Expertos en derecho internacional se\u00f1alan que este tipo de incidentes pueden derivar en penas de prisi\u00f3n efectiva, dependiendo de la interpretaci\u00f3n del juez y la contundencia de las pruebas presentadas por los denunciantes. La viralizaci\u00f3n del video en redes sociales ha generado un fuerte repudio tanto en Brasil como en Argentina, subrayando la sensibilidad social que rodea a los actos de contenido racial en la regi\u00f3n.<\/p>\n\n\n\n<p>Las implicancias de este suceso van m\u00e1s all\u00e1 de lo jur\u00eddico, afectando la imagen p\u00fablica de la involucrada y planteando un precedente para otros viajeros. La fiscal\u00eda brasile\u00f1a se encuentra recolectando testimonios adicionales de testigos presenciales y del gerente del bar para determinar si hubo premeditaci\u00f3n o si se trat\u00f3 de un hecho aislado. La defensa de Paez, por su parte, intenta demostrar que hubo una situaci\u00f3n de maltrato previo que desencaden\u00f3 su accionar, buscando atenuar una posible condena que podr\u00eda marcar un antes y un despu\u00e9s en su carrera profesional y personal.<\/p>\n\n\n\n<p>El desenlace de esta investigaci\u00f3n ser\u00e1 clave para entender la aplicaci\u00f3n pr\u00e1ctica de las nuevas normativas antirracistas en Brasil frente a ciudadanos extranjeros. Mientras se espera una resoluci\u00f3n, la abogada argentina deber\u00e1 cumplir con las comparecencias semanales ante el juzgado y el uso del dispositivo de monitoreo. Este incidente sirve como una advertencia sobre la gravedad de los discursos y gestos de odio, record\u00e1ndonos que las acciones individuales en espacios p\u00fablicos tienen consecuencias legales profundas, especialmente en contextos donde la lucha contra el racismo es una prioridad de Estado.<\/p>\n","protected":false},"excerpt":{"rendered":"<p>Un nuevo registro audiovisual ha salido a la luz en relaci\u00f3n con el incidente protagonizado por una abogada e influencer argentina en R\u00edo de Janeiro, quien se encuentra retenida por las autoridades brasile\u00f1as tras ser denunciada por gestos racistas. El video, captado por c\u00e1maras de seguridad y dispositivos m\u00f3viles, muestra con mayor claridad la secuencia [&hellip;]<\/p>\n","protected":false},"author":2,"featured_media":16164,"comment_status":"open","ping_status":"open","sticky":false,"template":"","format":"standard","meta":{"footnotes":""},"categories":[26],"tags":[],"class_list":{"0":"post-16199","1":"post","2":"type-post","3":"status-publish","4":"format-standard","5":"has-post-thumbnail","7":"category-nacionales"},"aioseo_notices":[],"_links":{"self":[{"href":"https:\/\/lalupa24.com.ar\/index.php\/wp-json\/wp\/v2\/posts\/16199","targetHints":{"allow":["GET"]}}],"collection":[{"href":"https:\/\/lalupa24.com.ar\/index.php\/wp-json\/wp\/v2\/posts"}],"about":[{"href":"https:\/\/lalupa24.com.ar\/index.php\/wp-json\/wp\/v2\/types\/post"}],"author":[{"embeddable":true,"href":"https:\/\/lalupa24.com.ar\/index.php\/wp-json\/wp\/v2\/users\/2"}],"replies":[{"embeddable":true,"href":"https:\/\/lalupa24.com.ar\/index.php\/wp-json\/wp\/v2\/comments?post=16199"}],"version-history":[{"count":1,"href":"https:\/\/lalupa24.com.ar\/index.php\/wp-json\/wp\/v2\/posts\/16199\/revisions"}],"predecessor-version":[{"id":16200,"href":"https:\/\/lalupa24.com.ar\/index.php\/wp-json\/wp\/v2\/posts\/16199\/revisions\/16200"}],"wp:featuredmedia":[{"embeddable":true,"href":"https:\/\/lalupa24.com.ar\/index.php\/wp-json\/wp\/v2\/media\/16164"}],"wp:attachment":[{"href":"https:\/\/lalupa24.com.ar\/index.php\/wp-json\/wp\/v2\/media?parent=16199"}],"wp:term":[{"taxonomy":"category","embeddable":true,"href":"https:\/\/lalupa24.com.ar\/index.php\/wp-json\/wp\/v2\/categories?post=16199"},{"taxonomy":"post_tag","embeddable":true,"href":"https:\/\/lalupa24.com.ar\/index.php\/wp-json\/wp\/v2\/tags?post=16199"}],"curies":[{"name":"wp","href":"https:\/\/api.w.org\/{rel}","templated":true}]}}