{"id":16208,"date":"2026-01-23T09:00:00","date_gmt":"2026-01-23T12:00:00","guid":{"rendered":"https:\/\/lalupa24.com.ar\/?p=16208"},"modified":"2026-01-23T11:22:01","modified_gmt":"2026-01-23T14:22:01","slug":"resistencia-ultima-detalles-para-la-agenda-de-los-festejos-de-la-ciudad","status":"publish","type":"post","link":"https:\/\/lalupa24.com.ar\/index.php\/2026\/01\/23\/resistencia-ultima-detalles-para-la-agenda-de-los-festejos-de-la-ciudad\/","title":{"rendered":"Resistencia ultima detalles para la agenda de los festejos de la ciudad"},"content":{"rendered":"\n<p><\/p>\n\n\n\n<p>La Municipalidad de Resistencia trabaja en la organizaci\u00f3n de la agenda para celebrar el 148\u00b0 aniversario de la ciudad.<\/p>\n\n\n\n<p>Las actividades se iniciar\u00e1n hoy 23 de enero con una conferencia de prensa a las 10 hs en el Anfiteatro de la Plaza 25 de Mayo y se extender\u00e1n hasta el 2 de febrero, con una amplia agenda de actividades culturales, art\u00edsticas y comunitarias en distintos espacios emblem\u00e1ticos.<\/p>\n\n\n\n<p>La propuesta contempla la participaci\u00f3n de emprendedores locales, food trucks, la Uni\u00f3n de Colectividades, artistas de la ciudad y las escuelas municipales, que presentar\u00e1n actividades art\u00edsticas y culturales. Tambi\u00e9n se sumar\u00e1n las iniciativas del programa Municipios Unidos por la Ni\u00f1ez y la Adolescencia, reafirmando el compromiso de la gesti\u00f3n con la inclusi\u00f3n y el protagonismo de las nuevas generaciones.<\/p>\n\n\n\n<p>La Municipalidad destaca que se trata de una gesti\u00f3n austera y responsable, que busca invertir de manera eficiente los recursos p\u00fablicos, priorizando las obras y mejoras para la ciudad, pero tambi\u00e9n garantizando la correcta organizaci\u00f3n de una fecha que llena de orgullo a toda la comunidad.<\/p>\n\n\n\n<p>El \u00e9nfasis estar\u00e1 puesto en la cultura y los artistas locales, fortaleciendo la identidad de Resistencia y celebrando juntos el camino recorrido en estos 148 a\u00f1os de historia.<\/p>\n","protected":false},"excerpt":{"rendered":"<p>La Municipalidad de Resistencia trabaja en la organizaci\u00f3n de la agenda para celebrar el 148\u00b0 aniversario de la ciudad. Las actividades se iniciar\u00e1n hoy 23 de enero con una conferencia de prensa a las 10 hs en el Anfiteatro de la Plaza 25 de Mayo y se extender\u00e1n hasta el 2 de febrero, con una [&hellip;]<\/p>\n","protected":false},"author":2,"featured_media":16209,"comment_status":"open","ping_status":"open","sticky":false,"template":"","format":"standard","meta":{"footnotes":""},"categories":[28],"tags":[],"class_list":{"0":"post-16208","1":"post","2":"type-post","3":"status-publish","4":"format-standard","5":"has-post-thumbnail","7":"category-locales"},"aioseo_notices":[],"_links":{"self":[{"href":"https:\/\/lalupa24.com.ar\/index.php\/wp-json\/wp\/v2\/posts\/16208","targetHints":{"allow":["GET"]}}],"collection":[{"href":"https:\/\/lalupa24.com.ar\/index.php\/wp-json\/wp\/v2\/posts"}],"about":[{"href":"https:\/\/lalupa24.com.ar\/index.php\/wp-json\/wp\/v2\/types\/post"}],"author":[{"embeddable":true,"href":"https:\/\/lalupa24.com.ar\/index.php\/wp-json\/wp\/v2\/users\/2"}],"replies":[{"embeddable":true,"href":"https:\/\/lalupa24.com.ar\/index.php\/wp-json\/wp\/v2\/comments?post=16208"}],"version-history":[{"count":1,"href":"https:\/\/lalupa24.com.ar\/index.php\/wp-json\/wp\/v2\/posts\/16208\/revisions"}],"predecessor-version":[{"id":16210,"href":"https:\/\/lalupa24.com.ar\/index.php\/wp-json\/wp\/v2\/posts\/16208\/revisions\/16210"}],"wp:featuredmedia":[{"embeddable":true,"href":"https:\/\/lalupa24.com.ar\/index.php\/wp-json\/wp\/v2\/media\/16209"}],"wp:attachment":[{"href":"https:\/\/lalupa24.com.ar\/index.php\/wp-json\/wp\/v2\/media?parent=16208"}],"wp:term":[{"taxonomy":"category","embeddable":true,"href":"https:\/\/lalupa24.com.ar\/index.php\/wp-json\/wp\/v2\/categories?post=16208"},{"taxonomy":"post_tag","embeddable":true,"href":"https:\/\/lalupa24.com.ar\/index.php\/wp-json\/wp\/v2\/tags?post=16208"}],"curies":[{"name":"wp","href":"https:\/\/api.w.org\/{rel}","templated":true}]}}