{"id":16217,"date":"2026-01-23T11:42:00","date_gmt":"2026-01-23T14:42:00","guid":{"rendered":"https:\/\/lalupa24.com.ar\/?p=16217"},"modified":"2026-01-23T11:42:01","modified_gmt":"2026-01-23T14:42:01","slug":"la-union-europea-insto-a-bruselas-a-implementar-la-aplicacion-provisional-del-acuerdo-con-el-mercosur","status":"publish","type":"post","link":"https:\/\/lalupa24.com.ar\/index.php\/2026\/01\/23\/la-union-europea-insto-a-bruselas-a-implementar-la-aplicacion-provisional-del-acuerdo-con-el-mercosur\/","title":{"rendered":"La Uni\u00f3n Europea inst\u00f3 a Bruselas a implementar la aplicaci\u00f3n provisional del acuerdo con el Mercosur"},"content":{"rendered":"\n<h2 class=\"wp-block-heading\"><\/h2>\n\n\n\n<p>El presidente del Consejo Europeo,\u00a0Ant\u00f3nio Costa, inst\u00f3 este viernes a\u00a0Bruselas\u00a0a avanzar con la aplicaci\u00f3n provisional del\u00a0acuerdo de asociaci\u00f3n\u00a0entre la\u00a0Uni\u00f3n Europea\u00a0y\u00a0Mercosur.<\/p>\n\n\n\n<p>Este acuerdo recibi\u00f3 el respaldo de los pa\u00edses del bloque la semana pasada, aunque el mi\u00e9rcoles la\u00a0Euroc\u00e1mara\u00a0decidi\u00f3 llevarlo ante la\u00a0Justicia europea\u00a0para que eval\u00fae su legalidad.<\/p>\n\n\n\n<p>La presidenta de la Comisi\u00f3n Europea,\u00a0Ursula von der Leyen, se\u00f1al\u00f3 que\u00a0Bruselas\u00a0estar\u00e1 lista para avanzar en ese sentido cuando los pa\u00edses de\u00a0Mercosur\u00a0finalicen sus propios procedimientos.<\/p>\n\n\n\n<p>\u201cEl\u00a0Consejo\u00a0ya decidi\u00f3 la semana pasada, no solo dar el permiso a la\u00a0Comisi\u00f3n Europea\u00a0para firmar, sino tambi\u00e9n para la aplicaci\u00f3n provisional del acuerdo\u201d, destac\u00f3\u00a0Costa\u00a0tras una cumbre extraordinaria celebrada el jueves. Y a\u00f1adi\u00f3: \u201cInvito a la\u00a0Comisi\u00f3n Europea\u00a0a hacer uso de esa decisi\u00f3n e implementar la aplicaci\u00f3n provisional del acuerdo de\u00a0Mercosur\u201d.<\/p>\n\n\n\n<p>Von der Leyen\u00a0explic\u00f3 que \u201calgunos l\u00edderes\u201d propusieron la\u00a0aplicaci\u00f3n provisional del acuerdo\u00a0en la cumbre del jueves. \u201cHay un claro inter\u00e9s en asegurar que los beneficios del acuerdo se apliquen lo antes posible. No hemos tomado a\u00fan una decisi\u00f3n\u201d, indic\u00f3.La presidenta de la\u00a0Comisi\u00f3n\u00a0detall\u00f3 que una decisi\u00f3n solo ser\u00e1 necesaria cuando \u201cun pa\u00eds o m\u00e1s pa\u00edses del\u00a0Mercosur\u00a0hayan completado sus procedimientos\u201d, es decir, cuando \u201cest\u00e9n preparados\u201d. Y agreg\u00f3: \u201cNosotros estaremos listos cuando ellos est\u00e9n listos\u201d.<\/p>\n\n\n\n<p>El mi\u00e9rcoles, el\u00a0Parlamento Europeo\u00a0acord\u00f3 llevar el acuerdo ante el\u00a0Tribunal de Justicia de la UE\u00a0(TJUE) para que determine su compatibilidad con los tratados, una medida que frena la entrada en vigor del pacto, a pesar de la firma realizada el pasado s\u00e1bado en\u00a0Paraguay.<\/p>\n\n\n\n<p>Desde el punto de vista legal, la\u00a0Comisi\u00f3n Europea\u00a0no est\u00e1 obligada a esperar la decisi\u00f3n de la\u00a0Euroc\u00e1mara\u00a0y podr\u00eda comenzar a aplicar el acuerdo de forma provisional tras su firma en\u00a0Paraguay. El \u00fanico requisito es que alguno de los pa\u00edses de\u00a0Mercosur\u00a0lo ratifique, algo que a\u00fan no ha sucedido. Una vez que\u00a0Brasil,\u00a0Argentina,\u00a0Uruguay\u00a0o\u00a0Paraguay\u00a0lo hagan, el acuerdo podr\u00e1 empezar a implementarse entre la\u00a0UE\u00a0y los pa\u00edses latinoamericanos que lo certifiquen.<\/p>\n\n\n\n<p>La decisi\u00f3n del mi\u00e9rcoles tuvo un trasfondo pol\u00edtico, con el apoyo de los\u00a0Verdes, la\u00a0Izquierda Europea, grupos de extrema derecha, algunos eurodiputados del\u00a0Partido Popular Europeo\u00a0(especialmente los polacos) y representantes franceses de todos los grupos. Todos expresaron dudas sobre la legalidad del acuerdo.<\/p>\n\n\n\n<p>El\u00a0TJUE\u00a0podr\u00eda tardar entre 18 y 24 meses en emitir un fallo<a href=\"https:\/\/www.infobae.com\/america\/mundo\/2026\/01\/22\/estados-unidos-presento-datos-e-imagenes-de-como-se-vera-la-franja-de-gaza-tras-su-reconstruccion\/\" target=\"_blank\" rel=\"noreferrer noopener\"><\/a><\/p>\n","protected":false},"excerpt":{"rendered":"<p>El presidente del Consejo Europeo,\u00a0Ant\u00f3nio Costa, inst\u00f3 este viernes a\u00a0Bruselas\u00a0a avanzar con la aplicaci\u00f3n provisional del\u00a0acuerdo de asociaci\u00f3n\u00a0entre la\u00a0Uni\u00f3n Europea\u00a0y\u00a0Mercosur. Este acuerdo recibi\u00f3 el respaldo de los pa\u00edses del bloque la semana pasada, aunque el mi\u00e9rcoles la\u00a0Euroc\u00e1mara\u00a0decidi\u00f3 llevarlo ante la\u00a0Justicia europea\u00a0para que eval\u00fae su legalidad. La presidenta de la Comisi\u00f3n Europea,\u00a0Ursula von der Leyen, se\u00f1al\u00f3 [&hellip;]<\/p>\n","protected":false},"author":2,"featured_media":16218,"comment_status":"open","ping_status":"open","sticky":false,"template":"","format":"standard","meta":{"footnotes":""},"categories":[25],"tags":[],"class_list":{"0":"post-16217","1":"post","2":"type-post","3":"status-publish","4":"format-standard","5":"has-post-thumbnail","7":"category-internacionales"},"aioseo_notices":[],"_links":{"self":[{"href":"https:\/\/lalupa24.com.ar\/index.php\/wp-json\/wp\/v2\/posts\/16217","targetHints":{"allow":["GET"]}}],"collection":[{"href":"https:\/\/lalupa24.com.ar\/index.php\/wp-json\/wp\/v2\/posts"}],"about":[{"href":"https:\/\/lalupa24.com.ar\/index.php\/wp-json\/wp\/v2\/types\/post"}],"author":[{"embeddable":true,"href":"https:\/\/lalupa24.com.ar\/index.php\/wp-json\/wp\/v2\/users\/2"}],"replies":[{"embeddable":true,"href":"https:\/\/lalupa24.com.ar\/index.php\/wp-json\/wp\/v2\/comments?post=16217"}],"version-history":[{"count":1,"href":"https:\/\/lalupa24.com.ar\/index.php\/wp-json\/wp\/v2\/posts\/16217\/revisions"}],"predecessor-version":[{"id":16219,"href":"https:\/\/lalupa24.com.ar\/index.php\/wp-json\/wp\/v2\/posts\/16217\/revisions\/16219"}],"wp:featuredmedia":[{"embeddable":true,"href":"https:\/\/lalupa24.com.ar\/index.php\/wp-json\/wp\/v2\/media\/16218"}],"wp:attachment":[{"href":"https:\/\/lalupa24.com.ar\/index.php\/wp-json\/wp\/v2\/media?parent=16217"}],"wp:term":[{"taxonomy":"category","embeddable":true,"href":"https:\/\/lalupa24.com.ar\/index.php\/wp-json\/wp\/v2\/categories?post=16217"},{"taxonomy":"post_tag","embeddable":true,"href":"https:\/\/lalupa24.com.ar\/index.php\/wp-json\/wp\/v2\/tags?post=16217"}],"curies":[{"name":"wp","href":"https:\/\/api.w.org\/{rel}","templated":true}]}}