{"id":16226,"date":"2026-01-23T13:55:12","date_gmt":"2026-01-23T16:55:12","guid":{"rendered":"https:\/\/lalupa24.com.ar\/?p=16226"},"modified":"2026-01-23T13:55:13","modified_gmt":"2026-01-23T16:55:13","slug":"ola-de-calor-en-chubut-en-medio-de-la-crisis-por-los-incendios-forestales","status":"publish","type":"post","link":"https:\/\/lalupa24.com.ar\/index.php\/2026\/01\/23\/ola-de-calor-en-chubut-en-medio-de-la-crisis-por-los-incendios-forestales\/","title":{"rendered":"Ola de calor en Chubut en medio de la crisis por los incendios forestales"},"content":{"rendered":"\n<p>Se esperan temperaturas altas durante esta semana que podr\u00edan reinstalar la amenaza de nuevos focos y da\u00f1os adicionales.<\/p>\n\n\n\n<p>La localidad chubutense de El Hoyo atravesar\u00e1 una ola de calor durante esta semana que intensificar\u00e1 el trabajo de los servicios de emergencia en los incendios forestales.<\/p>\n\n\n\n<p>Este viernes la m\u00e1xima en El Hoyo estar\u00e1 en 30 grados y, en los pr\u00f3ximos d\u00edas, la temperatura no bajar\u00e1 de los 28, teniendo su punto alto el jueves con unos sofocantes 34 grados.<\/p>\n\n\n\n<p>Esto, sumado a la fuerte sequ\u00eda y los vientos intensos, aumentan el drama en Chubut por los incendios forestales que arrasaron con miles de hect\u00e1reas, generando la autoevacuaci\u00f3n &nbsp;de decenas de familias y la movilizaci\u00f3n de un despliegue operativo de gran magnitud.<\/p>\n\n\n\n<p>El servicio meteorol\u00f3gico pronostic\u00f3 una semana sin lluvias y con temperatura elevada, por lo cual las autoridades redoblar\u00e1n la coordinaci\u00f3n para impedir que el fuego contin\u00fae expandi\u00e9ndose.<\/p>\n\n\n\n<p>El avance de los incendios, intensificados por las condiciones meteorol\u00f3gicas hostiles, afecta \u00e1reas de alto valor ambiental como el valle del arroyo Planicie, los ca\u00f1adones de El Trueno y Bah\u00eda Las Percas, donde bosques nativos se encuentran seriamente da\u00f1ados.<\/p>\n\n\n\n<p>Por su parte, el gobernador Ignacio Torres afirm\u00f3 que m\u00e1s de 400 brigadistas trabajan de manera coordinada y que el despliegue incluye la utilizaci\u00f3n de 14 medios a\u00e9reos en el Parque Nacional Los Alerces y cinco adicionales en Puerto Patriada.<\/p>\n","protected":false},"excerpt":{"rendered":"<p>Se esperan temperaturas altas durante esta semana que podr\u00edan reinstalar la amenaza de nuevos focos y da\u00f1os adicionales. La localidad chubutense de El Hoyo atravesar\u00e1 una ola de calor durante esta semana que intensificar\u00e1 el trabajo de los servicios de emergencia en los incendios forestales. Este viernes la m\u00e1xima en El Hoyo estar\u00e1 en 30 [&hellip;]<\/p>\n","protected":false},"author":11,"featured_media":16227,"comment_status":"open","ping_status":"open","sticky":false,"template":"","format":"standard","meta":{"footnotes":""},"categories":[26],"tags":[],"class_list":{"0":"post-16226","1":"post","2":"type-post","3":"status-publish","4":"format-standard","5":"has-post-thumbnail","7":"category-nacionales"},"aioseo_notices":[],"_links":{"self":[{"href":"https:\/\/lalupa24.com.ar\/index.php\/wp-json\/wp\/v2\/posts\/16226","targetHints":{"allow":["GET"]}}],"collection":[{"href":"https:\/\/lalupa24.com.ar\/index.php\/wp-json\/wp\/v2\/posts"}],"about":[{"href":"https:\/\/lalupa24.com.ar\/index.php\/wp-json\/wp\/v2\/types\/post"}],"author":[{"embeddable":true,"href":"https:\/\/lalupa24.com.ar\/index.php\/wp-json\/wp\/v2\/users\/11"}],"replies":[{"embeddable":true,"href":"https:\/\/lalupa24.com.ar\/index.php\/wp-json\/wp\/v2\/comments?post=16226"}],"version-history":[{"count":1,"href":"https:\/\/lalupa24.com.ar\/index.php\/wp-json\/wp\/v2\/posts\/16226\/revisions"}],"predecessor-version":[{"id":16228,"href":"https:\/\/lalupa24.com.ar\/index.php\/wp-json\/wp\/v2\/posts\/16226\/revisions\/16228"}],"wp:featuredmedia":[{"embeddable":true,"href":"https:\/\/lalupa24.com.ar\/index.php\/wp-json\/wp\/v2\/media\/16227"}],"wp:attachment":[{"href":"https:\/\/lalupa24.com.ar\/index.php\/wp-json\/wp\/v2\/media?parent=16226"}],"wp:term":[{"taxonomy":"category","embeddable":true,"href":"https:\/\/lalupa24.com.ar\/index.php\/wp-json\/wp\/v2\/categories?post=16226"},{"taxonomy":"post_tag","embeddable":true,"href":"https:\/\/lalupa24.com.ar\/index.php\/wp-json\/wp\/v2\/tags?post=16226"}],"curies":[{"name":"wp","href":"https:\/\/api.w.org\/{rel}","templated":true}]}}