{"id":16230,"date":"2026-01-26T13:06:25","date_gmt":"2026-01-26T16:06:25","guid":{"rendered":"https:\/\/lalupa24.com.ar\/?p=16230"},"modified":"2026-01-26T13:06:26","modified_gmt":"2026-01-26T16:06:26","slug":"la-mesa-politica-de-milei-define-el-rumbo-legislativo-en-un-ano-clave-para-las-reformas","status":"publish","type":"post","link":"https:\/\/lalupa24.com.ar\/index.php\/2026\/01\/26\/la-mesa-politica-de-milei-define-el-rumbo-legislativo-en-un-ano-clave-para-las-reformas\/","title":{"rendered":"LA MESA POL\u00cdTICA DE MILEI DEFINE EL RUMBO LEGISLATIVO EN UN A\u00d1O CLAVE PARA LAS REFORMAS"},"content":{"rendered":"\n<p>El Gobierno Nacional ha convocado a su mesa pol\u00edtica estrat\u00e9gica con el objetivo primordial de unificar criterios y acelerar el tratamiento de un ambicioso temario legislativo. En un contexto de fragmentaci\u00f3n parlamentaria, la reuni\u00f3n liderada por el c\u00edrculo \u00edntimo del presidente Javier Milei busca consolidar las alianzas necesarias para blindar las iniciativas econ\u00f3micas y de reforma del Estado que el Ejecutivo considera fundamentales para la sostenibilidad de su programa de gesti\u00f3n. Esta instancia de coordinaci\u00f3n resulta crucial para evitar nuevos reveses en el Congreso y asegurar que el calendario de reformas no sufra dilaciones frente a la presi\u00f3n de la oposici\u00f3n.<\/p>\n\n\n\n<p>La agenda del encuentro est\u00e1 marcada por la necesidad de avanzar en proyectos que incluyen la desregulaci\u00f3n de sectores clave y la reforma de marcos normativos que el oficialismo considera obsoletos. Seg\u00fan fuentes cercanas a la Casa Rosada, la estrategia se centra en identificar puntos de consenso con los sectores de la &#8220;oposici\u00f3n dialoguista&#8221;, garantizando que los textos t\u00e9cnicos cuenten con el respaldo pol\u00edtico suficiente antes de ingresar a las comisiones. El an\u00e1lisis de los operadores pol\u00edticos del gobierno sugiere que el \u00e9xito de esta etapa determinar\u00e1 la capacidad del Poder Ejecutivo para mantener la iniciativa pol\u00edtica durante el resto del semestre.<\/p>\n\n\n\n<p>Antecedentes recientes muestran que la falta de una coordinaci\u00f3n t\u00e9cnica previa deriv\u00f3 en debates est\u00e9riles que demoraron la implementaci\u00f3n de medidas fiscales urgentes. Por ello, la mesa pol\u00edtica integra hoy a figuras clave que act\u00faan como puentes entre el despacho presidencial y los jefes de bloque en ambas c\u00e1maras. Este enfoque busca profesionalizar la negociaci\u00f3n pol\u00edtica, alej\u00e1ndola de la improvisaci\u00f3n y dot\u00e1ndola de un rigor que responda a las exigencias de los mercados internacionales y de los organismos multilaterales de cr\u00e9dito, que observan de cerca la gobernabilidad del pa\u00eds.<\/p>\n\n\n\n<p>Desde una perspectiva econ\u00f3mica, la estabilidad de las reformas propuestas es vista por expertos financieros como un requisito indispensable para atraer inversiones genuinas. El debate legislativo no solo tiene un trasfondo normativo, sino que impacta directamente en la percepci\u00f3n de riesgo pa\u00eds. Si el Gobierno logra demostrar una estructura pol\u00edtica s\u00f3lida capaz de aprobar leyes estructurales, se espera una reacci\u00f3n positiva en los bonos soberanos y una mayor fluidez en las conversaciones sobre la deuda externa, consolidando as\u00ed el proceso de estabilizaci\u00f3n monetaria iniciado en los meses previos.<\/p>\n\n\n\n<p>La implicancia social de estas decisiones parlamentarias tambi\u00e9n ocupa un lugar central en las discusiones de la mesa t\u00e9cnica. Se eval\u00faan los costos pol\u00edticos de cada reforma, intentando equilibrar la necesidad de un ajuste fiscal profundo con la demanda de contenci\u00f3n social en los sectores m\u00e1s vulnerables. La articulaci\u00f3n de pol\u00edticas p\u00fablicas que acompa\u00f1en las leyes econ\u00f3micas es parte de la estrategia para mantener el capital pol\u00edtico del presidente, quien mantiene un discurso firme sobre la irreversibilidad del rumbo adoptado, pese a las resistencias de sectores gremiales y organizaciones sociales.<\/p>\n\n\n\n<p>Hacia adelante,<\/p>\n","protected":false},"excerpt":{"rendered":"<p>El Gobierno Nacional ha convocado a su mesa pol\u00edtica estrat\u00e9gica con el objetivo primordial de unificar criterios y acelerar el tratamiento de un ambicioso temario legislativo. En un contexto de fragmentaci\u00f3n parlamentaria, la reuni\u00f3n liderada por el c\u00edrculo \u00edntimo del presidente Javier Milei busca consolidar las alianzas necesarias para blindar las iniciativas econ\u00f3micas y de [&hellip;]<\/p>\n","protected":false},"author":2,"featured_media":16231,"comment_status":"open","ping_status":"open","sticky":false,"template":"","format":"standard","meta":{"footnotes":""},"categories":[26],"tags":[],"class_list":{"0":"post-16230","1":"post","2":"type-post","3":"status-publish","4":"format-standard","5":"has-post-thumbnail","7":"category-nacionales"},"aioseo_notices":[],"_links":{"self":[{"href":"https:\/\/lalupa24.com.ar\/index.php\/wp-json\/wp\/v2\/posts\/16230","targetHints":{"allow":["GET"]}}],"collection":[{"href":"https:\/\/lalupa24.com.ar\/index.php\/wp-json\/wp\/v2\/posts"}],"about":[{"href":"https:\/\/lalupa24.com.ar\/index.php\/wp-json\/wp\/v2\/types\/post"}],"author":[{"embeddable":true,"href":"https:\/\/lalupa24.com.ar\/index.php\/wp-json\/wp\/v2\/users\/2"}],"replies":[{"embeddable":true,"href":"https:\/\/lalupa24.com.ar\/index.php\/wp-json\/wp\/v2\/comments?post=16230"}],"version-history":[{"count":1,"href":"https:\/\/lalupa24.com.ar\/index.php\/wp-json\/wp\/v2\/posts\/16230\/revisions"}],"predecessor-version":[{"id":16245,"href":"https:\/\/lalupa24.com.ar\/index.php\/wp-json\/wp\/v2\/posts\/16230\/revisions\/16245"}],"wp:featuredmedia":[{"embeddable":true,"href":"https:\/\/lalupa24.com.ar\/index.php\/wp-json\/wp\/v2\/media\/16231"}],"wp:attachment":[{"href":"https:\/\/lalupa24.com.ar\/index.php\/wp-json\/wp\/v2\/media?parent=16230"}],"wp:term":[{"taxonomy":"category","embeddable":true,"href":"https:\/\/lalupa24.com.ar\/index.php\/wp-json\/wp\/v2\/categories?post=16230"},{"taxonomy":"post_tag","embeddable":true,"href":"https:\/\/lalupa24.com.ar\/index.php\/wp-json\/wp\/v2\/tags?post=16230"}],"curies":[{"name":"wp","href":"https:\/\/api.w.org\/{rel}","templated":true}]}}