{"id":16263,"date":"2026-01-26T13:11:58","date_gmt":"2026-01-26T16:11:58","guid":{"rendered":"https:\/\/lalupa24.com.ar\/?p=16263"},"modified":"2026-01-26T13:11:59","modified_gmt":"2026-01-26T16:11:59","slug":"el-gobierno-modifica-el-regimen-de-carrera-para-militares-en-el-ministerio-de-defensa-impacto-y-alcances","status":"publish","type":"post","link":"https:\/\/lalupa24.com.ar\/index.php\/2026\/01\/26\/el-gobierno-modifica-el-regimen-de-carrera-para-militares-en-el-ministerio-de-defensa-impacto-y-alcances\/","title":{"rendered":"EL GOBIERNO MODIFICA EL R\u00c9GIMEN DE CARRERA PARA MILITARES EN EL MINISTERIO DE DEFENSA: IMPACTO Y ALCANCES"},"content":{"rendered":"\n<p>El Poder Ejecutivo Nacional ha oficializado una reforma estructural en el r\u00e9gimen de carrera para los efectivos de las Fuerzas Armadas que desempe\u00f1an funciones en el \u00e1mbito del Ministerio de Defensa. La medida, publicada este lunes, busca agilizar la integraci\u00f3n de cuadros militares en la estructura administrativa y pol\u00edtica del \u00e1rea, garantizando que el personal asignado a estas tareas no vea perjudicada su progresi\u00f3n profesional ni sus derechos escalafonarios. Esta decisi\u00f3n es fundamental para profesionalizar el asesoramiento militar en la toma de decisiones estrat\u00e9gicas, permitiendo una convivencia m\u00e1s fluida entre la burocracia civil y la jerarqu\u00eda castrense.<\/p>\n\n\n\n<p>La nueva normativa establece criterios claros para el c\u00f3mputo de a\u00f1os de servicio y las calificaciones necesarias para los ascensos de aquellos oficiales y suboficiales destinados a la cartera conducida por el Ejecutivo. Seg\u00fan expertos en derecho militar, este cambio corrige una asimetr\u00eda hist\u00f3rica donde los uniformados que ocupaban cargos de gesti\u00f3n sol\u00edan quedar rezagados frente a sus pares en unidades operativas. La intenci\u00f3n del Gobierno es incentivar que los perfiles m\u00e1s capacitados acepten responsabilidades en el dise\u00f1o de pol\u00edticas de defensa nacional sin temor a que su trayectoria institucional sufra interrupciones o estancamientos.<\/p>\n\n\n\n<p>Desde el Ministerio de Defensa han se\u00f1alado que esta modificaci\u00f3n t\u00e9cnica responde a un plan de modernizaci\u00f3n que busca alinear a las Fuerzas Armadas con los est\u00e1ndares de pa\u00edses de la OTAN, donde la integraci\u00f3n c\u00edvico-militar en la administraci\u00f3n es un pilar de la gesti\u00f3n. Al fortalecer la presencia de expertos militares en puestos clave, se espera una ejecuci\u00f3n m\u00e1s eficiente del presupuesto y una mejor planificaci\u00f3n en la adquisici\u00f3n de equipamiento b\u00e9lico. Datos del sector indican que la falta de esta regulaci\u00f3n hab\u00eda generado, en la \u00faltima d\u00e9cada, una fuga de talentos hacia el sector privado o un rechazo sistem\u00e1tico a los cargos de gesti\u00f3n pol\u00edtica por parte de los cuadros superiores.<\/p>\n\n\n\n<p>Las implicancias pol\u00edticas de esta medida no han pasado desapercibidas en el Congreso, donde se debate el nivel de autonom\u00eda de las fuerzas y el control civil sobre las mismas. Mientras que el oficialismo defiende la medida como una herramienta de eficiencia operativa, algunos analistas advierten sobre la necesidad de mantener l\u00edmites claros para evitar la politizaci\u00f3n de los uniformados. Sin embargo, la resoluci\u00f3n aclara que las funciones en el Ministerio son estrictamente t\u00e9cnicas y administrativas, reforzando el concepto de que el militar sigue respondiendo a la cadena de mando institucional mientras colabora en la funci\u00f3n p\u00fablica.<\/p>\n\n\n\n<p>En t\u00e9rminos econ\u00f3micos, la medida no implica un gasto inmediato adicional, pero s\u00ed una reorganizaci\u00f3n de los haberes y suplementos por responsabilidad en el cargo. El marco legal actualizado permite que el personal militar en comisi\u00f3n reciba compensaciones acordes a la jerarqu\u00eda del puesto que ocupa en la administraci\u00f3n central. De acuerdo con informes t\u00e9cnicos del sector, esta equiparaci\u00f3n es vital para evitar el pluriempleo y asegurar que el personal dedicado a la defensa nacional se enfoque exclusivamente en sus tareas estrat\u00e9gicas en un contexto global de crecientes tensiones geopol\u00edticas.<\/p>\n\n\n\n<p>Hacia el futuro, la aplicaci\u00f3n de este nuevo r\u00e9gimen servir\u00e1 como term\u00f3metro para medir la calidad de la integraci\u00f3n entre civiles y militares en la gesti\u00f3n del Estado. Si la reforma cumple sus objetivos, se espera una administraci\u00f3n de defensa m\u00e1s \u00e1gil y con un conocimiento t\u00e9cnico superior en todas sus l\u00edneas. La reflexi\u00f3n final apunta a que la modernizaci\u00f3n de las Fuerzas Armadas no solo depende de la compra de armamento, sino de la actualizaci\u00f3n de sus marcos jur\u00eddicos para adaptarlos a las exigencias de un Estado moderno y eficiente.<\/p>\n","protected":false},"excerpt":{"rendered":"<p>El Poder Ejecutivo Nacional ha oficializado una reforma estructural en el r\u00e9gimen de carrera para los efectivos de las Fuerzas Armadas que desempe\u00f1an funciones en el \u00e1mbito del Ministerio de Defensa. La medida, publicada este lunes, busca agilizar la integraci\u00f3n de cuadros militares en la estructura administrativa y pol\u00edtica del \u00e1rea, garantizando que el personal [&hellip;]<\/p>\n","protected":false},"author":2,"featured_media":16241,"comment_status":"open","ping_status":"open","sticky":false,"template":"","format":"standard","meta":{"footnotes":""},"categories":[26],"tags":[],"class_list":{"0":"post-16263","1":"post","2":"type-post","3":"status-publish","4":"format-standard","5":"has-post-thumbnail","7":"category-nacionales"},"aioseo_notices":[],"_links":{"self":[{"href":"https:\/\/lalupa24.com.ar\/index.php\/wp-json\/wp\/v2\/posts\/16263","targetHints":{"allow":["GET"]}}],"collection":[{"href":"https:\/\/lalupa24.com.ar\/index.php\/wp-json\/wp\/v2\/posts"}],"about":[{"href":"https:\/\/lalupa24.com.ar\/index.php\/wp-json\/wp\/v2\/types\/post"}],"author":[{"embeddable":true,"href":"https:\/\/lalupa24.com.ar\/index.php\/wp-json\/wp\/v2\/users\/2"}],"replies":[{"embeddable":true,"href":"https:\/\/lalupa24.com.ar\/index.php\/wp-json\/wp\/v2\/comments?post=16263"}],"version-history":[{"count":1,"href":"https:\/\/lalupa24.com.ar\/index.php\/wp-json\/wp\/v2\/posts\/16263\/revisions"}],"predecessor-version":[{"id":16264,"href":"https:\/\/lalupa24.com.ar\/index.php\/wp-json\/wp\/v2\/posts\/16263\/revisions\/16264"}],"wp:featuredmedia":[{"embeddable":true,"href":"https:\/\/lalupa24.com.ar\/index.php\/wp-json\/wp\/v2\/media\/16241"}],"wp:attachment":[{"href":"https:\/\/lalupa24.com.ar\/index.php\/wp-json\/wp\/v2\/media?parent=16263"}],"wp:term":[{"taxonomy":"category","embeddable":true,"href":"https:\/\/lalupa24.com.ar\/index.php\/wp-json\/wp\/v2\/categories?post=16263"},{"taxonomy":"post_tag","embeddable":true,"href":"https:\/\/lalupa24.com.ar\/index.php\/wp-json\/wp\/v2\/tags?post=16263"}],"curies":[{"name":"wp","href":"https:\/\/api.w.org\/{rel}","templated":true}]}}