{"id":16288,"date":"2026-01-26T22:56:52","date_gmt":"2026-01-27T01:56:52","guid":{"rendered":"https:\/\/lalupa24.com.ar\/?p=16288"},"modified":"2026-01-26T22:56:53","modified_gmt":"2026-01-27T01:56:53","slug":"el-gobierno-provincial-continua-impulsando-la-inclusion-laboral-de-personas-con-discapacidad","status":"publish","type":"post","link":"https:\/\/lalupa24.com.ar\/index.php\/2026\/01\/26\/el-gobierno-provincial-continua-impulsando-la-inclusion-laboral-de-personas-con-discapacidad\/","title":{"rendered":"El gobierno provincial contin\u00faa impulsando la inclusi\u00f3n laboral de personas con discapacidad"},"content":{"rendered":"\n<h4 class=\"wp-block-heading\"><\/h4>\n\n\n\n<p>En este marco, la presidente del IPRODICH, Ana Mitoire, destac\u00f3, este lunes, el trabajo que se viene desarrollando y se\u00f1al\u00f3 que \u201cvenimos reforzando y fortaleciendo todo un camino con respecto a la inclusi\u00f3n laboral. Actualmente tenemos vigentes capacitaciones, como las de Jardiner\u00eda y Panader\u00eda, que se llevan adelante junto a la Granja La Josefina y la Fundaci\u00f3n DESOCHA\u201d.<br><br>Actualmente se est\u00e1n capacitando 41 j\u00f3venes<br>Mitoire explic\u00f3 que 41 j\u00f3venes se encuentran participando de estos espacios de formaci\u00f3n, orientados a brindar herramientas concretas para la inserci\u00f3n en el mundo del trabajo. \u201cNo lo hacemos solos; estamos en contacto permanente con el Programa Impulsar Chaco y con distintas \u00e1reas del Gobierno provincial, articulando acciones para generar m\u00e1s oportunidades\u201d, remarc\u00f3.<br>Desde el IPRODICH se contin\u00faa promoviendo una agenda inclusiva que garantice igualdad de oportunidades, fomente la autonom\u00eda y fortalezca el acceso al empleo para las personas con discapacidad en todo el territorio provincial.<\/p>\n\n\n\n<p><strong>Consultas e informes<br><\/strong>La sede de IPRODICH se encuentra en Monteagudo 1640, Resistencia.&nbsp;<br>El tel\u00e9fono es 3624-620073<br>Y el Correo electr\u00f3nico: contacto@iprodich.gob.ar<\/p>\n","protected":false},"excerpt":{"rendered":"<p>En este marco, la presidente del IPRODICH, Ana Mitoire, destac\u00f3, este lunes, el trabajo que se viene desarrollando y se\u00f1al\u00f3 que \u201cvenimos reforzando y fortaleciendo todo un camino con respecto a la inclusi\u00f3n laboral. Actualmente tenemos vigentes capacitaciones, como las de Jardiner\u00eda y Panader\u00eda, que se llevan adelante junto a la Granja La Josefina y [&hellip;]<\/p>\n","protected":false},"author":2,"featured_media":16289,"comment_status":"open","ping_status":"open","sticky":false,"template":"","format":"standard","meta":{"footnotes":""},"categories":[28],"tags":[],"class_list":{"0":"post-16288","1":"post","2":"type-post","3":"status-publish","4":"format-standard","5":"has-post-thumbnail","7":"category-locales"},"aioseo_notices":[],"_links":{"self":[{"href":"https:\/\/lalupa24.com.ar\/index.php\/wp-json\/wp\/v2\/posts\/16288","targetHints":{"allow":["GET"]}}],"collection":[{"href":"https:\/\/lalupa24.com.ar\/index.php\/wp-json\/wp\/v2\/posts"}],"about":[{"href":"https:\/\/lalupa24.com.ar\/index.php\/wp-json\/wp\/v2\/types\/post"}],"author":[{"embeddable":true,"href":"https:\/\/lalupa24.com.ar\/index.php\/wp-json\/wp\/v2\/users\/2"}],"replies":[{"embeddable":true,"href":"https:\/\/lalupa24.com.ar\/index.php\/wp-json\/wp\/v2\/comments?post=16288"}],"version-history":[{"count":1,"href":"https:\/\/lalupa24.com.ar\/index.php\/wp-json\/wp\/v2\/posts\/16288\/revisions"}],"predecessor-version":[{"id":16290,"href":"https:\/\/lalupa24.com.ar\/index.php\/wp-json\/wp\/v2\/posts\/16288\/revisions\/16290"}],"wp:featuredmedia":[{"embeddable":true,"href":"https:\/\/lalupa24.com.ar\/index.php\/wp-json\/wp\/v2\/media\/16289"}],"wp:attachment":[{"href":"https:\/\/lalupa24.com.ar\/index.php\/wp-json\/wp\/v2\/media?parent=16288"}],"wp:term":[{"taxonomy":"category","embeddable":true,"href":"https:\/\/lalupa24.com.ar\/index.php\/wp-json\/wp\/v2\/categories?post=16288"},{"taxonomy":"post_tag","embeddable":true,"href":"https:\/\/lalupa24.com.ar\/index.php\/wp-json\/wp\/v2\/tags?post=16288"}],"curies":[{"name":"wp","href":"https:\/\/api.w.org\/{rel}","templated":true}]}}