{"id":16342,"date":"2026-01-28T08:20:20","date_gmt":"2026-01-28T11:20:20","guid":{"rendered":"https:\/\/lalupa24.com.ar\/?p=16342"},"modified":"2026-01-28T08:20:21","modified_gmt":"2026-01-28T11:20:21","slug":"el-gobierno-impulsa-la-baja-de-la-edad-de-imputabilidad-los-puntos-clave-del-nuevo-regimen-penal-juvenil","status":"publish","type":"post","link":"https:\/\/lalupa24.com.ar\/index.php\/2026\/01\/28\/el-gobierno-impulsa-la-baja-de-la-edad-de-imputabilidad-los-puntos-clave-del-nuevo-regimen-penal-juvenil\/","title":{"rendered":"EL GOBIERNO IMPULSA LA BAJA DE LA EDAD DE IMPUTABILIDAD: LOS PUNTOS CLAVE DEL NUEVO R\u00c9GIMEN PENAL JUVENIL"},"content":{"rendered":"\n<hr class=\"wp-block-separator has-alpha-channel-opacity\"\/>\n\n\n\n<h3 class=\"wp-block-heading\">El Poder Ejecutivo Nacional ha puesto en marcha un ambicioso proyecto de ley destinado a reformar el R\u00e9gimen Penal Juvenil, cuyo eje central es la reducci\u00f3n de la edad de imputabilidad a los 13 a\u00f1os. Esta iniciativa busca dar respuesta a una demanda social creciente sobre la seguridad p\u00fablica y actualizar una normativa que data de 1980, considerada obsoleta por las autoridades actuales. La importancia de esta reforma radica no solo en la sanci\u00f3n punitiva, sino en la creaci\u00f3n de un sistema procesal espec\u00edfico que diferencie claramente el tratamiento de menores del de los adultos, bajo un enfoque de responsabilidad penal temprana.<\/h3>\n\n\n\n<p>De acuerdo con los detalles trascendidos desde el Ministerio de Justicia, el proyecto contempla una escala de penas diferenciada y la creaci\u00f3n de establecimientos especializados que eviten el contacto de menores con delincuentes reincidentes de mayor edad. Los datos oficiales que maneja el \u00e1rea de seguridad indican que, si bien el porcentaje de delitos graves cometidos por menores es bajo en t\u00e9rminos estad\u00edsticos generales, la participaci\u00f3n de adolescentes en robos con armas y bandas organizadas ha mostrado una tendencia ascendente en los grandes centros urbanos. El objetivo declarado es &#8220;terminar con la impunidad&#8221; de los delitos cometidos por j\u00f3venes que, bajo el r\u00e9gimen actual, no enfrentan consecuencias legales proporcionales.<\/p>\n\n\n\n<p>Expertos en derecho penal juvenil se\u00f1alan que la efectividad de esta medida depender\u00e1 cr\u00edticamente de la infraestructura de reinserci\u00f3n que se implemente. El proyecto propone un acompa\u00f1amiento interdisciplinario con psic\u00f3logos y trabajadores sociales, buscando que la privaci\u00f3n de la libertad sea la \u00faltima instancia en casos de delitos menores, pero manteniendo la firmeza en hechos de sangre o violencia extrema. Seg\u00fan analistas del sector, la baja de la edad a los 13 a\u00f1os alinea a la Argentina con legislaciones de otros pa\u00edses de la regi\u00f3n, como Uruguay o Bolivia, aunque genera un intenso debate sobre los tratados internacionales de derechos del ni\u00f1o a los que el pa\u00eds est\u00e1 suscrito.<\/p>\n\n\n\n<p>En el \u00e1mbito pol\u00edtico, la iniciativa se interpreta como un cumplimiento de las promesas de campa\u00f1a de la administraci\u00f3n de Javier Milei, reforzando la narrativa de &#8220;el que las hace, las paga&#8221;. El Ministerio de Seguridad, encabezado por Patricia Bullrich, ha enfatizado que el nuevo r\u00e9gimen dotar\u00e1 a las fuerzas policiales y a la justicia de herramientas m\u00e1s precisas para intervenir en zonas cr\u00edticas donde el reclutamiento de menores por parte del narcotr\u00e1fico es una realidad cotidiana. La propuesta incluye tambi\u00e9n sanciones para los adultos que utilicen a menores para cometer il\u00edcitos, agravando las figuras penales existentes.<\/p>\n\n\n\n<p>La oposici\u00f3n y diversos organismos de derechos humanos ya han manifestado sus reservas, argumentando que la soluci\u00f3n a la inseguridad no debe ser exclusivamente punitiva, sino que requiere una intervenci\u00f3n integral en las causas sociales y econ\u00f3micas que empujan a los adolescentes al delito. No obstante, el oficialismo conf\u00eda en que el amplio respaldo ciudadano a medidas de seguridad m\u00e1s estrictas facilitar\u00e1 el tr\u00e1nsito del proyecto por el Congreso. Las discusiones en las comisiones de Legislaci\u00f3n Penal y Familia prometen ser intensas, con el foco puesto en la capacidad del Estado para garantizar condiciones de detenci\u00f3n que cumplan con est\u00e1ndares educativos y de formaci\u00f3n laboral.<\/p>\n\n\n\n<p>A largo plazo, el impacto de esta reforma se medir\u00e1 por su capacidad para reducir la reincidencia juvenil y desarticular la estructura de las organizaciones criminales que hoy se amparan en la inimputabilidad de los menores. El \u00e9xito del r\u00e9gimen penal juvenil no solo depender\u00e1 de la sanci\u00f3n, sino de la eficiencia de la justicia para tramitar los procesos con celeridad, evitando que los j\u00f3venes permanezcan en un limbo jur\u00eddico. El Gobierno proyecta que, de aprobarse la ley antes de finalizar el per\u00edodo legislativo, el nuevo sistema podr\u00eda comenzar a implementarse de forma gradual en las jurisdicciones federales durante el pr\u00f3ximo a\u00f1o.<\/p>\n","protected":false},"excerpt":{"rendered":"<p>El Poder Ejecutivo Nacional ha puesto en marcha un ambicioso proyecto de ley destinado a reformar el R\u00e9gimen Penal Juvenil, cuyo eje central es la reducci\u00f3n de la edad de imputabilidad a los 13 a\u00f1os. Esta iniciativa busca dar respuesta a una demanda social creciente sobre la seguridad p\u00fablica y actualizar una normativa que data [&hellip;]<\/p>\n","protected":false},"author":2,"featured_media":16328,"comment_status":"open","ping_status":"open","sticky":false,"template":"","format":"standard","meta":{"footnotes":""},"categories":[26],"tags":[],"class_list":{"0":"post-16342","1":"post","2":"type-post","3":"status-publish","4":"format-standard","5":"has-post-thumbnail","7":"category-nacionales"},"aioseo_notices":[],"_links":{"self":[{"href":"https:\/\/lalupa24.com.ar\/index.php\/wp-json\/wp\/v2\/posts\/16342","targetHints":{"allow":["GET"]}}],"collection":[{"href":"https:\/\/lalupa24.com.ar\/index.php\/wp-json\/wp\/v2\/posts"}],"about":[{"href":"https:\/\/lalupa24.com.ar\/index.php\/wp-json\/wp\/v2\/types\/post"}],"author":[{"embeddable":true,"href":"https:\/\/lalupa24.com.ar\/index.php\/wp-json\/wp\/v2\/users\/2"}],"replies":[{"embeddable":true,"href":"https:\/\/lalupa24.com.ar\/index.php\/wp-json\/wp\/v2\/comments?post=16342"}],"version-history":[{"count":1,"href":"https:\/\/lalupa24.com.ar\/index.php\/wp-json\/wp\/v2\/posts\/16342\/revisions"}],"predecessor-version":[{"id":16343,"href":"https:\/\/lalupa24.com.ar\/index.php\/wp-json\/wp\/v2\/posts\/16342\/revisions\/16343"}],"wp:featuredmedia":[{"embeddable":true,"href":"https:\/\/lalupa24.com.ar\/index.php\/wp-json\/wp\/v2\/media\/16328"}],"wp:attachment":[{"href":"https:\/\/lalupa24.com.ar\/index.php\/wp-json\/wp\/v2\/media?parent=16342"}],"wp:term":[{"taxonomy":"category","embeddable":true,"href":"https:\/\/lalupa24.com.ar\/index.php\/wp-json\/wp\/v2\/categories?post=16342"},{"taxonomy":"post_tag","embeddable":true,"href":"https:\/\/lalupa24.com.ar\/index.php\/wp-json\/wp\/v2\/tags?post=16342"}],"curies":[{"name":"wp","href":"https:\/\/api.w.org\/{rel}","templated":true}]}}