{"id":16350,"date":"2026-01-28T08:22:23","date_gmt":"2026-01-28T11:22:23","guid":{"rendered":"https:\/\/lalupa24.com.ar\/?p=16350"},"modified":"2026-01-28T08:22:24","modified_gmt":"2026-01-28T11:22:24","slug":"escalada-tragica-en-iran-la-cifra-de-fallecidos-por-la-represion-estatal-supera-las-6-200-victimas","status":"publish","type":"post","link":"https:\/\/lalupa24.com.ar\/index.php\/2026\/01\/28\/escalada-tragica-en-iran-la-cifra-de-fallecidos-por-la-represion-estatal-supera-las-6-200-victimas\/","title":{"rendered":"ESCALADA TR\u00c1GICA EN IR\u00c1N: LA CIFRA DE FALLECIDOS POR LA REPRESI\u00d3N ESTATAL SUPERA LAS 6.200 V\u00cdCTIMAS"},"content":{"rendered":"\n<p>La crisis de derechos humanos en Ir\u00e1n ha alcanzado niveles catastr\u00f3ficos tras confirmarse que el n\u00famero de personas fallecidas a manos de las fuerzas de seguridad del r\u00e9gimen ha ascendido a, al menos, 6.221 individuos. Este balance, documentado por organizaciones internacionales y activistas locales, evidencia la magnitud de una represi\u00f3n sistem\u00e1tica que busca sofocar la ola de protestas que sacude al pa\u00eds. El uso de fuerza letal contra civiles desarmados ha generado una condena global un\u00e1nime, situando a la administraci\u00f3n de Teher\u00e1n en un aislamiento diplom\u00e1tico casi absoluto.<\/p>\n\n\n\n<p>El conflicto, que se ha extendido por diversas provincias, tiene su origen en un reclamo social profundo contra las restricciones a las libertades individuales y la crisis econ\u00f3mica que asfixia a la poblaci\u00f3n. Seg\u00fan observadores del Consejo de Derechos Humanos de las Naciones Unidas, los m\u00e9todos empleados por la Guardia Revolucionaria y las milicias Basij incluyen disparos directos a manifestantes, detenciones arbitrarias masivas y la aplicaci\u00f3n de sentencias judiciales sin las garant\u00edas m\u00ednimas de defensa. La violencia ha escalado proporcionalmente a la resistencia de una ciudadan\u00eda que se niega a abandonar las calles.<\/p>\n\n\n\n<p>Informes m\u00e9dicos que han logrado ser filtrados desde el interior del pa\u00eds describen una situaci\u00f3n hospitalaria desbordada, donde muchos heridos evitan acudir a centros de salud por temor a ser capturados por las fuerzas de inteligencia. Las restricciones en el acceso a internet y el bloqueo de plataformas de mensajer\u00eda han dificultado la verificaci\u00f3n de datos en tiempo real, sugiriendo que la cifra real de decesos podr\u00eda ser incluso superior a la reportada oficialmente por las ONG. Esta opacidad informativa es una herramienta clave del Estado para mitigar la presi\u00f3n internacional.<\/p>\n\n\n\n<p>En el plano geopol\u00edtico, la comunidad internacional ha comenzado a implementar nuevas sanciones econ\u00f3micas y pol\u00edticas dirigidas a los altos mandos del aparato represor iran\u00ed. El Parlamento Europeo y otros organismos democr\u00e1ticos han solicitado la creaci\u00f3n de un tribunal independiente para investigar posibles cr\u00edmenes de lesa humanidad. La respuesta de Teher\u00e1n, no obstante, ha sido la de calificar las protestas como &#8220;disturbios orquestados por potencias extranjeras&#8221;, una ret\u00f3rica que justifica, ante su base de apoyo interna, la intensificaci\u00f3n de la violencia estatal.<\/p>\n\n\n\n<p>El impacto social de esta masacre es devastador, con miles de familias exigiendo justicia por la p\u00e9rdida de j\u00f3venes, quienes constituyen la mayor\u00eda de las v\u00edctimas en esta lucha por el cambio. Analistas especializados en Medio Oriente advierten que la magnitud de la matanza ha quebrado cualquier posibilidad de di\u00e1logo constructivo entre la sociedad y el gobierno. La persistencia de las manifestaciones, a pesar del costo humano, refleja un punto de no retorno en la legitimidad del sistema teocr\u00e1tico vigente.<\/p>\n\n\n\n<p>La proyecci\u00f3n para las pr\u00f3ximas semanas es de una tensi\u00f3n extrema, con el riesgo latente de que el conflicto derive en una crisis civil de mayor escala. La mirada del mundo permanece fija en Ir\u00e1n, esperando que la presi\u00f3n multilateral logre frenar el derramamiento de sangre. Mientras tanto, el n\u00famero 6.221 se convierte en un s\u00edmbolo doloroso de la resistencia civil y de la brutalidad de un r\u00e9gimen que parece dispuesto a todo con tal de conservar el control del poder pol\u00edtico y social.<\/p>\n","protected":false},"excerpt":{"rendered":"<p>La crisis de derechos humanos en Ir\u00e1n ha alcanzado niveles catastr\u00f3ficos tras confirmarse que el n\u00famero de personas fallecidas a manos de las fuerzas de seguridad del r\u00e9gimen ha ascendido a, al menos, 6.221 individuos. Este balance, documentado por organizaciones internacionales y activistas locales, evidencia la magnitud de una represi\u00f3n sistem\u00e1tica que busca sofocar la [&hellip;]<\/p>\n","protected":false},"author":2,"featured_media":16332,"comment_status":"open","ping_status":"open","sticky":false,"template":"","format":"standard","meta":{"footnotes":""},"categories":[25],"tags":[],"class_list":{"0":"post-16350","1":"post","2":"type-post","3":"status-publish","4":"format-standard","5":"has-post-thumbnail","7":"category-internacionales"},"aioseo_notices":[],"_links":{"self":[{"href":"https:\/\/lalupa24.com.ar\/index.php\/wp-json\/wp\/v2\/posts\/16350","targetHints":{"allow":["GET"]}}],"collection":[{"href":"https:\/\/lalupa24.com.ar\/index.php\/wp-json\/wp\/v2\/posts"}],"about":[{"href":"https:\/\/lalupa24.com.ar\/index.php\/wp-json\/wp\/v2\/types\/post"}],"author":[{"embeddable":true,"href":"https:\/\/lalupa24.com.ar\/index.php\/wp-json\/wp\/v2\/users\/2"}],"replies":[{"embeddable":true,"href":"https:\/\/lalupa24.com.ar\/index.php\/wp-json\/wp\/v2\/comments?post=16350"}],"version-history":[{"count":1,"href":"https:\/\/lalupa24.com.ar\/index.php\/wp-json\/wp\/v2\/posts\/16350\/revisions"}],"predecessor-version":[{"id":16351,"href":"https:\/\/lalupa24.com.ar\/index.php\/wp-json\/wp\/v2\/posts\/16350\/revisions\/16351"}],"wp:featuredmedia":[{"embeddable":true,"href":"https:\/\/lalupa24.com.ar\/index.php\/wp-json\/wp\/v2\/media\/16332"}],"wp:attachment":[{"href":"https:\/\/lalupa24.com.ar\/index.php\/wp-json\/wp\/v2\/media?parent=16350"}],"wp:term":[{"taxonomy":"category","embeddable":true,"href":"https:\/\/lalupa24.com.ar\/index.php\/wp-json\/wp\/v2\/categories?post=16350"},{"taxonomy":"post_tag","embeddable":true,"href":"https:\/\/lalupa24.com.ar\/index.php\/wp-json\/wp\/v2\/tags?post=16350"}],"curies":[{"name":"wp","href":"https:\/\/api.w.org\/{rel}","templated":true}]}}