{"id":16385,"date":"2026-01-28T08:35:33","date_gmt":"2026-01-28T11:35:33","guid":{"rendered":"https:\/\/lalupa24.com.ar\/?p=16385"},"modified":"2026-01-28T08:35:33","modified_gmt":"2026-01-28T11:35:33","slug":"alianza-estrategica-en-buenos-aires-chaco-fortalece-a-sus-mipymes-mediante-acuerdos-con-came-y-fechaco","status":"publish","type":"post","link":"https:\/\/lalupa24.com.ar\/index.php\/2026\/01\/28\/alianza-estrategica-en-buenos-aires-chaco-fortalece-a-sus-mipymes-mediante-acuerdos-con-came-y-fechaco\/","title":{"rendered":"ALIANZA ESTRAT\u00c9GICA EN BUENOS AIRES: CHACO FORTALECE A SUS MIPYMES MEDIANTE ACUERDOS CON CAME Y FECHACO"},"content":{"rendered":"\n<p>En un movimiento estrat\u00e9gico para apuntalar el tejido productivo provincial, el Gobierno del Chaco formaliz\u00f3 en la Ciudad Aut\u00f3noma de Buenos Aires un acuerdo de colaboraci\u00f3n con la Confederaci\u00f3n Argentina de la Mediana Empresa (CAME) y la Federaci\u00f3n Econ\u00f3mica del Chaco (FECHACO). Este convenio busca crear un ecosistema de apoyo integral para las Micro, Peque\u00f1as y Medianas Empresas (MiPyMEs) chaque\u00f1as, facilitando su acceso a financiamiento, capacitaci\u00f3n y nuevos mercados nacionales e internacionales. La iniciativa se enmarca en un plan de reactivaci\u00f3n econ\u00f3mica que reconoce a las peque\u00f1as empresas como el principal motor de empleo en la regi\u00f3n.<\/p>\n\n\n\n<p>El acuerdo establece una hoja de ruta clara para la implementaci\u00f3n de programas de asistencia t\u00e9cnica que permitan a las empresas locales mejorar su competitividad. Seg\u00fan expertos en desarrollo regional, la sinergia entre el sector p\u00fablico y las c\u00e1maras empresariales es vital para reducir la brecha de productividad que afecta al interior del pa\u00eds. A trav\u00e9s de este v\u00ednculo, las MiPyMEs del Chaco podr\u00e1n acceder a herramientas de digitalizaci\u00f3n y modernizaci\u00f3n de procesos que, de otro modo, ser\u00edan inalcanzables debido a los altos costos operativos y financieros.<\/p>\n\n\n\n<p>Uno de los pilares fundamentales del acuerdo es la facilitaci\u00f3n de l\u00edneas de cr\u00e9dito con tasas subsidiadas y garant\u00edas que faciliten el ingreso de los emprendedores al sistema bancario formal. Representantes de FECHACO se\u00f1alaron que la presi\u00f3n tributaria y la falta de financiamiento han sido los mayores obst\u00e1culos para el crecimiento del sector en los \u00faltimos a\u00f1os. Este convenio busca aliviar esas tensiones mediante una gesti\u00f3n conjunta ante organismos nacionales, asegurando que los recursos destinados al fomento productivo lleguen efectivamente a las empresas del Chaco.<\/p>\n\n\n\n<p>Adem\u00e1s del aspecto financiero, el convenio pone especial \u00e9nfasis en la formaci\u00f3n de capital humano y la profesionalizaci\u00f3n de los cuadros dirigenciales de las PyMEs. La CAME aportar\u00e1 su vasta experiencia en formaci\u00f3n profesional, ofreciendo seminarios y talleres adaptados a las necesidades espec\u00edficas de la industria y el comercio chaque\u00f1o. Se espera que esta transferencia de conocimientos se traduzca en una mayor resiliencia de las empresas frente a los ciclos econ\u00f3micos adversos y una mejora sustancial en la calidad de sus productos y servicios.<\/p>\n\n\n\n<p>El impacto pol\u00edtico de este acuerdo tambi\u00e9n es relevante, ya que consolida la relaci\u00f3n entre la gesti\u00f3n provincial y las instituciones intermedias de representaci\u00f3n empresarial. Al sentar en la misma mesa a actores locales y nacionales, el Chaco se posiciona como una provincia pro-activa en la b\u00fasqueda de soluciones para el sector privado. Esta alianza estrat\u00e9gica busca generar un clima de negocios favorable que atraiga inversiones y fomente el surgimiento de nuevas unidades productivas en sectores clave como la agroindustria y la tecnolog\u00eda.<\/p>\n\n\n\n<p>La proyecci\u00f3n de este acuerdo apunta a una transformaci\u00f3n gradual de la matriz productiva de la provincia, orient\u00e1ndola hacia un modelo de mayor valor agregado. En el largo plazo, el fortalecimiento de las MiPyMEs permitir\u00e1 una econom\u00eda provincial m\u00e1s diversificada y menos dependiente del empleo p\u00fablico. El seguimiento riguroso de los resultados de este convenio ser\u00e1 fundamental para ajustar las pol\u00edticas p\u00fablicas y garantizar que la colaboraci\u00f3n entre el Gobierno, CAME y FECHACO se traduzca en un crecimiento sostenible y equitativo para todos los chaque\u00f1os.<\/p>\n","protected":false},"excerpt":{"rendered":"<p>En un movimiento estrat\u00e9gico para apuntalar el tejido productivo provincial, el Gobierno del Chaco formaliz\u00f3 en la Ciudad Aut\u00f3noma de Buenos Aires un acuerdo de colaboraci\u00f3n con la Confederaci\u00f3n Argentina de la Mediana Empresa (CAME) y la Federaci\u00f3n Econ\u00f3mica del Chaco (FECHACO). Este convenio busca crear un ecosistema de apoyo integral para las Micro, Peque\u00f1as [&hellip;]<\/p>\n","protected":false},"author":2,"featured_media":16378,"comment_status":"open","ping_status":"open","sticky":false,"template":"","format":"standard","meta":{"footnotes":""},"categories":[28],"tags":[],"class_list":{"0":"post-16385","1":"post","2":"type-post","3":"status-publish","4":"format-standard","5":"has-post-thumbnail","7":"category-locales"},"aioseo_notices":[],"_links":{"self":[{"href":"https:\/\/lalupa24.com.ar\/index.php\/wp-json\/wp\/v2\/posts\/16385","targetHints":{"allow":["GET"]}}],"collection":[{"href":"https:\/\/lalupa24.com.ar\/index.php\/wp-json\/wp\/v2\/posts"}],"about":[{"href":"https:\/\/lalupa24.com.ar\/index.php\/wp-json\/wp\/v2\/types\/post"}],"author":[{"embeddable":true,"href":"https:\/\/lalupa24.com.ar\/index.php\/wp-json\/wp\/v2\/users\/2"}],"replies":[{"embeddable":true,"href":"https:\/\/lalupa24.com.ar\/index.php\/wp-json\/wp\/v2\/comments?post=16385"}],"version-history":[{"count":1,"href":"https:\/\/lalupa24.com.ar\/index.php\/wp-json\/wp\/v2\/posts\/16385\/revisions"}],"predecessor-version":[{"id":16386,"href":"https:\/\/lalupa24.com.ar\/index.php\/wp-json\/wp\/v2\/posts\/16385\/revisions\/16386"}],"wp:featuredmedia":[{"embeddable":true,"href":"https:\/\/lalupa24.com.ar\/index.php\/wp-json\/wp\/v2\/media\/16378"}],"wp:attachment":[{"href":"https:\/\/lalupa24.com.ar\/index.php\/wp-json\/wp\/v2\/media?parent=16385"}],"wp:term":[{"taxonomy":"category","embeddable":true,"href":"https:\/\/lalupa24.com.ar\/index.php\/wp-json\/wp\/v2\/categories?post=16385"},{"taxonomy":"post_tag","embeddable":true,"href":"https:\/\/lalupa24.com.ar\/index.php\/wp-json\/wp\/v2\/tags?post=16385"}],"curies":[{"name":"wp","href":"https:\/\/api.w.org\/{rel}","templated":true}]}}