{"id":16478,"date":"2025-12-02T20:00:00","date_gmt":"2025-12-02T23:00:00","guid":{"rendered":"https:\/\/lalupa24.com.ar\/?p=16478"},"modified":"2026-01-30T11:44:06","modified_gmt":"2026-01-30T14:44:06","slug":"el-jurado-definio-a-la-ganadora-del-premio-derechos-humanos-amanda-mayor-de-pierola-2025","status":"publish","type":"post","link":"https:\/\/lalupa24.com.ar\/index.php\/2025\/12\/02\/el-jurado-definio-a-la-ganadora-del-premio-derechos-humanos-amanda-mayor-de-pierola-2025\/","title":{"rendered":"El jurado defini\u00f3 a la ganadora del Premio Derechos Humanos \u201cAmanda Mayor de Pierola\u201d 2025"},"content":{"rendered":"\n<p>El tribunal evaluador del Premio Derechos Humanos \u201cAmanda Mayor de Pierola\u201d, instituido por la Ley 1643-E y otorgado por la C\u00e1mara de Diputados del Chaco, se reuni\u00f3 para seleccionar a la persona destacada de la edici\u00f3n 2025. La ceremonia de entrega se realizar\u00e1 el jueves 11 de diciembre, a las 10, en el recinto legislativo.<\/p>\n\n\n\n<p>En esta edici\u00f3n, el reconocimiento ser\u00e1 otorgado a M\u00f3nica Noem\u00ed Caballero, referente del Pueblo \u2014profesora y trabajadora del Comit\u00e9 contra la Tortura y los Tratos Crueles del Chaco (CPTCh)\u2014, quien se desempe\u00f1a en el \u00c1rea T\u00e9cnica del organismo.<\/p>\n\n\n\n<p>Caballero fue postulada &nbsp;por su extensa trayectoria en la defensa de los derechos humanos, su compromiso con la equidad de g\u00e9nero y su incansable labor para visibilizar y enfrentar situaciones de discriminaci\u00f3n, violencia y racismo que atraviesan especialmente a los pueblos ind\u00edgenas. &nbsp;<\/p>\n\n\n\n<p>El jurado estuvo integrado por personalidades destacadas en materia de Derechos Humanos, representantes de la Secretar\u00eda de Derechos Humanos de la Provincia, &nbsp;integrantes de la Comisi\u00f3n de Derechos Humanos de la Legislatura y miembro de la Comisi\u00f3n Provincial por la Memoria<\/p>\n","protected":false},"excerpt":{"rendered":"<p>El tribunal evaluador del Premio Derechos Humanos \u201cAmanda Mayor de Pierola\u201d, instituido por la Ley 1643-E y otorgado por la C\u00e1mara de Diputados del Chaco, se reuni\u00f3 para seleccionar a la persona destacada de la edici\u00f3n 2025. La ceremonia de entrega se realizar\u00e1 el jueves 11 de diciembre, a las 10, en el recinto legislativo. [&hellip;]<\/p>\n","protected":false},"author":2,"featured_media":16479,"comment_status":"open","ping_status":"open","sticky":false,"template":"","format":"standard","meta":{"footnotes":""},"categories":[28],"tags":[],"class_list":{"0":"post-16478","1":"post","2":"type-post","3":"status-publish","4":"format-standard","5":"has-post-thumbnail","7":"category-locales"},"aioseo_notices":[],"_links":{"self":[{"href":"https:\/\/lalupa24.com.ar\/index.php\/wp-json\/wp\/v2\/posts\/16478","targetHints":{"allow":["GET"]}}],"collection":[{"href":"https:\/\/lalupa24.com.ar\/index.php\/wp-json\/wp\/v2\/posts"}],"about":[{"href":"https:\/\/lalupa24.com.ar\/index.php\/wp-json\/wp\/v2\/types\/post"}],"author":[{"embeddable":true,"href":"https:\/\/lalupa24.com.ar\/index.php\/wp-json\/wp\/v2\/users\/2"}],"replies":[{"embeddable":true,"href":"https:\/\/lalupa24.com.ar\/index.php\/wp-json\/wp\/v2\/comments?post=16478"}],"version-history":[{"count":1,"href":"https:\/\/lalupa24.com.ar\/index.php\/wp-json\/wp\/v2\/posts\/16478\/revisions"}],"predecessor-version":[{"id":16480,"href":"https:\/\/lalupa24.com.ar\/index.php\/wp-json\/wp\/v2\/posts\/16478\/revisions\/16480"}],"wp:featuredmedia":[{"embeddable":true,"href":"https:\/\/lalupa24.com.ar\/index.php\/wp-json\/wp\/v2\/media\/16479"}],"wp:attachment":[{"href":"https:\/\/lalupa24.com.ar\/index.php\/wp-json\/wp\/v2\/media?parent=16478"}],"wp:term":[{"taxonomy":"category","embeddable":true,"href":"https:\/\/lalupa24.com.ar\/index.php\/wp-json\/wp\/v2\/categories?post=16478"},{"taxonomy":"post_tag","embeddable":true,"href":"https:\/\/lalupa24.com.ar\/index.php\/wp-json\/wp\/v2\/tags?post=16478"}],"curies":[{"name":"wp","href":"https:\/\/api.w.org\/{rel}","templated":true}]}}