{"id":16494,"date":"2025-12-17T21:00:00","date_gmt":"2025-12-18T00:00:00","guid":{"rendered":"https:\/\/lalupa24.com.ar\/?p=16494"},"modified":"2026-01-30T12:00:33","modified_gmt":"2026-01-30T15:00:33","slug":"la-legislatura-tomo-juramento-a-edgardo-gabriel-reguera-en-sesion-especial","status":"publish","type":"post","link":"https:\/\/lalupa24.com.ar\/index.php\/2025\/12\/17\/la-legislatura-tomo-juramento-a-edgardo-gabriel-reguera-en-sesion-especial\/","title":{"rendered":"La Legislatura tom\u00f3 juramento a Edgardo Gabriel Reguera en sesi\u00f3n especial"},"content":{"rendered":"\n<p>El Poder Legislativo del Chaco formaliz\u00f3 este mi\u00e9rcoles la incorporaci\u00f3n de Edgardo Gabriel Reguera como diputado provincial, conforme a los mecanismos institucionales previstos. El legislador ocupar\u00e1 la banca correspondiente al Interbloque Chaco Puede, tras la renuncia irrevocable de Julio Ferro.<\/p>\n\n\n\n<p>Durante la sesi\u00f3n se conform\u00f3 la Comisi\u00f3n de Poderes, integrada por los diputados Carlos Salom, Samuel Vargas, Zulema Wannesson, Sebasti\u00e1n Ben\u00edtez Molas, Magda Ayala y Katia Blanc, acept\u00f3 la renuncia de Ferro y, habiendo analizado la habilidad cumpliendo los requisitos establecidos en la Constituci\u00f3n Provincial, resolvi\u00f3 la incorporaci\u00f3n al cuerpo de Edgardo Reguera.<\/p>\n\n\n\n<p>Reguera, abogado oriundo de Presidencia Roque S\u00e1enz Pe\u00f1a, cuenta con una amplia trayectoria en el \u00e1mbito jur\u00eddico e institucional. Fue presidente del Colegio de Abogados de S\u00e1enz Pe\u00f1a durante tres mandatos y se desempe\u00f1\u00f3 como miembro y presidente del Consejo de la Magistratura de la provincia, destac\u00e1ndose por su labor vinculada al fortalecimiento de las instituciones y del sistema de justicia.<\/p>\n","protected":false},"excerpt":{"rendered":"<p>El Poder Legislativo del Chaco formaliz\u00f3 este mi\u00e9rcoles la incorporaci\u00f3n de Edgardo Gabriel Reguera como diputado provincial, conforme a los mecanismos institucionales previstos. El legislador ocupar\u00e1 la banca correspondiente al Interbloque Chaco Puede, tras la renuncia irrevocable de Julio Ferro. Durante la sesi\u00f3n se conform\u00f3 la Comisi\u00f3n de Poderes, integrada por los diputados Carlos Salom, [&hellip;]<\/p>\n","protected":false},"author":2,"featured_media":16495,"comment_status":"open","ping_status":"open","sticky":false,"template":"","format":"standard","meta":{"footnotes":""},"categories":[28],"tags":[],"class_list":{"0":"post-16494","1":"post","2":"type-post","3":"status-publish","4":"format-standard","5":"has-post-thumbnail","7":"category-locales"},"aioseo_notices":[],"_links":{"self":[{"href":"https:\/\/lalupa24.com.ar\/index.php\/wp-json\/wp\/v2\/posts\/16494","targetHints":{"allow":["GET"]}}],"collection":[{"href":"https:\/\/lalupa24.com.ar\/index.php\/wp-json\/wp\/v2\/posts"}],"about":[{"href":"https:\/\/lalupa24.com.ar\/index.php\/wp-json\/wp\/v2\/types\/post"}],"author":[{"embeddable":true,"href":"https:\/\/lalupa24.com.ar\/index.php\/wp-json\/wp\/v2\/users\/2"}],"replies":[{"embeddable":true,"href":"https:\/\/lalupa24.com.ar\/index.php\/wp-json\/wp\/v2\/comments?post=16494"}],"version-history":[{"count":1,"href":"https:\/\/lalupa24.com.ar\/index.php\/wp-json\/wp\/v2\/posts\/16494\/revisions"}],"predecessor-version":[{"id":16496,"href":"https:\/\/lalupa24.com.ar\/index.php\/wp-json\/wp\/v2\/posts\/16494\/revisions\/16496"}],"wp:featuredmedia":[{"embeddable":true,"href":"https:\/\/lalupa24.com.ar\/index.php\/wp-json\/wp\/v2\/media\/16495"}],"wp:attachment":[{"href":"https:\/\/lalupa24.com.ar\/index.php\/wp-json\/wp\/v2\/media?parent=16494"}],"wp:term":[{"taxonomy":"category","embeddable":true,"href":"https:\/\/lalupa24.com.ar\/index.php\/wp-json\/wp\/v2\/categories?post=16494"},{"taxonomy":"post_tag","embeddable":true,"href":"https:\/\/lalupa24.com.ar\/index.php\/wp-json\/wp\/v2\/tags?post=16494"}],"curies":[{"name":"wp","href":"https:\/\/api.w.org\/{rel}","templated":true}]}}