{"id":16497,"date":"2025-12-22T14:01:00","date_gmt":"2025-12-22T17:01:00","guid":{"rendered":"https:\/\/lalupa24.com.ar\/?p=16497"},"modified":"2026-01-30T12:03:15","modified_gmt":"2026-01-30T15:03:15","slug":"legisladores-acompanaron-la-asuncion-de-las-nuevas-autoridades-del-superior-tribunal-de-justicia","status":"publish","type":"post","link":"https:\/\/lalupa24.com.ar\/index.php\/2025\/12\/22\/legisladores-acompanaron-la-asuncion-de-las-nuevas-autoridades-del-superior-tribunal-de-justicia\/","title":{"rendered":"Legisladores acompa\u00f1aron la asunci\u00f3n de las nuevas autoridades del Superior Tribunal de Justicia"},"content":{"rendered":"\n<p>La presidente de la Legislatura del Chaco, Carmen Delgado, particip\u00f3 del acto de juramento y asunci\u00f3n de autoridades del Poder Judicial, en el que el juez N\u00e9stor Enrique Varela asumi\u00f3 como presidente del Superior Tribunal de Justicia para el per\u00edodo 2026.<\/p>\n\n\n\n<p>La ceremonia se llev\u00f3 a cabo en la sede del STJ y cont\u00f3, adem\u00e1s, con la presencia de los diputados Maida With, Edgardo Reguera, y Jorge G\u00f3mez.<\/p>\n\n\n\n<p>Delgado, quien tambi\u00e9n se desempe\u00f1a como consejera titular por el Poder Legislativo en el Consejo de la Magistratura y el Jurado de Enjuiciamiento, resalt\u00f3 la importancia de estos espacios institucionales, que refuerzan el funcionamiento democr\u00e1tico y la independencia de los poderes del Estado.<\/p>\n\n\n\n<p>En la misma ceremonia asumieron tambi\u00e9n Iride Isabel Mar\u00eda Grillo como presidente de la C\u00e1mara Primera en lo Civil, Comercial y Laboral; Alberto Mario Modi como vocal de la Sala Primera en lo Civil, Comercial y Laboral; Emilia Mar\u00eda Valle, a cargo de la Sala Segunda en lo Criminal y Correccional; y V\u00edctor Emilio Del R\u00edo como vocal de la misma Sala.<\/p>\n\n\n\n<p>La mesa de autoridades estuvo integrada por los ministros del Superior Tribunal de Justicia Alberto Mario Modi, Iride Isabel Mar\u00eda Grillo, V\u00edctor Emilio Del R\u00edo y Emilia Mar\u00eda Valle; el procurador General, Jorge Canteros; la presidente de la Legislatura, Carmen Delgado; y la defensora General del Poder Judicial, Alicia Alcal\u00e1.<\/p>\n\n\n\n<p>El acto cont\u00f3, adem\u00e1s, con la participaci\u00f3n de funcionarios del Poder Judicial, autoridades provinciales y municipales, y representantes de distintos \u00e1mbitos institucionales.<\/p>\n","protected":false},"excerpt":{"rendered":"<p>La presidente de la Legislatura del Chaco, Carmen Delgado, particip\u00f3 del acto de juramento y asunci\u00f3n de autoridades del Poder Judicial, en el que el juez N\u00e9stor Enrique Varela asumi\u00f3 como presidente del Superior Tribunal de Justicia para el per\u00edodo 2026. La ceremonia se llev\u00f3 a cabo en la sede del STJ y cont\u00f3, adem\u00e1s, [&hellip;]<\/p>\n","protected":false},"author":2,"featured_media":16498,"comment_status":"open","ping_status":"open","sticky":false,"template":"","format":"standard","meta":{"footnotes":""},"categories":[28],"tags":[],"class_list":{"0":"post-16497","1":"post","2":"type-post","3":"status-publish","4":"format-standard","5":"has-post-thumbnail","7":"category-locales"},"aioseo_notices":[],"_links":{"self":[{"href":"https:\/\/lalupa24.com.ar\/index.php\/wp-json\/wp\/v2\/posts\/16497","targetHints":{"allow":["GET"]}}],"collection":[{"href":"https:\/\/lalupa24.com.ar\/index.php\/wp-json\/wp\/v2\/posts"}],"about":[{"href":"https:\/\/lalupa24.com.ar\/index.php\/wp-json\/wp\/v2\/types\/post"}],"author":[{"embeddable":true,"href":"https:\/\/lalupa24.com.ar\/index.php\/wp-json\/wp\/v2\/users\/2"}],"replies":[{"embeddable":true,"href":"https:\/\/lalupa24.com.ar\/index.php\/wp-json\/wp\/v2\/comments?post=16497"}],"version-history":[{"count":1,"href":"https:\/\/lalupa24.com.ar\/index.php\/wp-json\/wp\/v2\/posts\/16497\/revisions"}],"predecessor-version":[{"id":16499,"href":"https:\/\/lalupa24.com.ar\/index.php\/wp-json\/wp\/v2\/posts\/16497\/revisions\/16499"}],"wp:featuredmedia":[{"embeddable":true,"href":"https:\/\/lalupa24.com.ar\/index.php\/wp-json\/wp\/v2\/media\/16498"}],"wp:attachment":[{"href":"https:\/\/lalupa24.com.ar\/index.php\/wp-json\/wp\/v2\/media?parent=16497"}],"wp:term":[{"taxonomy":"category","embeddable":true,"href":"https:\/\/lalupa24.com.ar\/index.php\/wp-json\/wp\/v2\/categories?post=16497"},{"taxonomy":"post_tag","embeddable":true,"href":"https:\/\/lalupa24.com.ar\/index.php\/wp-json\/wp\/v2\/tags?post=16497"}],"curies":[{"name":"wp","href":"https:\/\/api.w.org\/{rel}","templated":true}]}}