{"id":16524,"date":"2025-09-24T23:21:27","date_gmt":"2025-09-25T02:21:27","guid":{"rendered":"https:\/\/lalupa24.com.ar\/?p=16524"},"modified":"2026-02-02T23:29:25","modified_gmt":"2026-02-03T02:29:25","slug":"barranqueras-celebro-a-sus-deportistas-en-el-dia-del-deporte-chaqueno","status":"publish","type":"post","link":"https:\/\/lalupa24.com.ar\/index.php\/2025\/09\/24\/barranqueras-celebro-a-sus-deportistas-en-el-dia-del-deporte-chaqueno\/","title":{"rendered":"Barranqueras celebr\u00f3 a sus deportistas en el D\u00eda del Deporte Chaque\u00f1o"},"content":{"rendered":"\n<p>En el marco del D\u00eda del Deporte Chaque\u00f1o, la Direcci\u00f3n de Deportes de la Municipalidad de Barranqueras, junto a la Secretaria de Desarrollo Social, Bel\u00e9n Yurich, reconoci\u00f3 a cuatro deportistas que representan con orgullo a nuestra ciudad.<\/p>\n\n\n\n<p>Los homenajeados fueron:<\/p>\n\n\n\n<p>Milena Cattarozz\u00ed, primera chaque\u00f1a en la historia del taekwondo ol\u00edmpico en integrar la selecci\u00f3n nacional y medallista de oro en el Torneo Clausura.<\/p>\n\n\n\n<p>Thiago Camola, representante de canotaje, que llevar\u00e1 el nombre de Barranqueras al Nacional de Canotaje en Mar del Plata el pr\u00f3ximo 29 de septiembre.<\/p>\n\n\n\n<p>Oscar Romero y Alfredo Lyde, destacados referentes locales en Truco, ambos actualmente compitiendo de manera constante y logrando posiciones de podio en torneos regionales.<\/p>\n\n\n\n<p>La jornada fue una oportunidad para celebrar los logros de nuestros deportistas, quienes con esfuerzo, dedicaci\u00f3n y pasi\u00f3n ponen a Barranqueras en el mapa del deporte chaque\u00f1o y nacional. La gesti\u00f3n municipal contin\u00faa comprometida con fomentar la pr\u00e1ctica deportiva y acompa\u00f1ar a quienes llevan el nombre de nuestra ciudad con orgullo, inspirando a ni\u00f1os, j\u00f3venes y toda la comunidad.<\/p>\n","protected":false},"excerpt":{"rendered":"<p>En el marco del D\u00eda del Deporte Chaque\u00f1o, la Direcci\u00f3n de Deportes de la Municipalidad de Barranqueras, junto a la Secretaria de Desarrollo Social, Bel\u00e9n Yurich, reconoci\u00f3 a cuatro deportistas que representan con orgullo a nuestra ciudad. Los homenajeados fueron: Milena Cattarozz\u00ed, primera chaque\u00f1a en la historia del taekwondo ol\u00edmpico en integrar la selecci\u00f3n nacional [&hellip;]<\/p>\n","protected":false},"author":11,"featured_media":16525,"comment_status":"open","ping_status":"open","sticky":false,"template":"","format":"standard","meta":{"footnotes":""},"categories":[28],"tags":[],"class_list":{"0":"post-16524","1":"post","2":"type-post","3":"status-publish","4":"format-standard","5":"has-post-thumbnail","7":"category-locales"},"aioseo_notices":[],"_links":{"self":[{"href":"https:\/\/lalupa24.com.ar\/index.php\/wp-json\/wp\/v2\/posts\/16524","targetHints":{"allow":["GET"]}}],"collection":[{"href":"https:\/\/lalupa24.com.ar\/index.php\/wp-json\/wp\/v2\/posts"}],"about":[{"href":"https:\/\/lalupa24.com.ar\/index.php\/wp-json\/wp\/v2\/types\/post"}],"author":[{"embeddable":true,"href":"https:\/\/lalupa24.com.ar\/index.php\/wp-json\/wp\/v2\/users\/11"}],"replies":[{"embeddable":true,"href":"https:\/\/lalupa24.com.ar\/index.php\/wp-json\/wp\/v2\/comments?post=16524"}],"version-history":[{"count":1,"href":"https:\/\/lalupa24.com.ar\/index.php\/wp-json\/wp\/v2\/posts\/16524\/revisions"}],"predecessor-version":[{"id":16526,"href":"https:\/\/lalupa24.com.ar\/index.php\/wp-json\/wp\/v2\/posts\/16524\/revisions\/16526"}],"wp:featuredmedia":[{"embeddable":true,"href":"https:\/\/lalupa24.com.ar\/index.php\/wp-json\/wp\/v2\/media\/16525"}],"wp:attachment":[{"href":"https:\/\/lalupa24.com.ar\/index.php\/wp-json\/wp\/v2\/media?parent=16524"}],"wp:term":[{"taxonomy":"category","embeddable":true,"href":"https:\/\/lalupa24.com.ar\/index.php\/wp-json\/wp\/v2\/categories?post=16524"},{"taxonomy":"post_tag","embeddable":true,"href":"https:\/\/lalupa24.com.ar\/index.php\/wp-json\/wp\/v2\/tags?post=16524"}],"curies":[{"name":"wp","href":"https:\/\/api.w.org\/{rel}","templated":true}]}}