{"id":1653,"date":"2024-08-23T12:01:42","date_gmt":"2024-08-23T15:01:42","guid":{"rendered":"https:\/\/lalupa24.com.ar\/?p=1653"},"modified":"2024-08-23T12:01:43","modified_gmt":"2024-08-23T15:01:43","slug":"manana-sabado-se-realizara-la-fiesta-del-cronista-de-exteriores-en-villa-rio-bermejito","status":"publish","type":"post","link":"https:\/\/lalupa24.com.ar\/index.php\/2024\/08\/23\/manana-sabado-se-realizara-la-fiesta-del-cronista-de-exteriores-en-villa-rio-bermejito\/","title":{"rendered":"MA\u00d1ANA S\u00c1BADO SE REALIZAR\u00c1 LA FIESTA DEL CRONISTA DE EXTERIORES, EN VILLA R\u00cdO BERMEJITO"},"content":{"rendered":"\n<p>Este s\u00e1bado 24, a las 12 hs, se realizar\u00e1, en el Camping Municipal de Villa R\u00edo Bermejito la 3\u00aa Fiesta del Cronista de Exteriores y entrega del premio al movilero del a\u00f1o con la estatuilla \u201cSantos Arg\u00fcello\u201d. El evento autogestivo cuenta con el acompa\u00f1amiento del gobierno de la Provincia, la Fundaci\u00f3n Urunday, la C\u00e1mara de Comercio de Resistencia, y en esta edici\u00f3n, la municipalidad de Villa R\u00edo Bermejito.<br>El Secretario de Asuntos Estrat\u00e9gicos, Marcos Resico, destac\u00f3 el rol del cronista para que las noticias lleguen a todos. \u201cUstedes son los encargados, el veh\u00edculo de llevar la noticia, lo que pasa en el d\u00eda a d\u00eda, adem\u00e1s lo hacen de manera muy profesional y con mucha vocaci\u00f3n. Es un privilegio para nosotros poder acompa\u00f1ar este tipo de eventos\u201d, indic\u00f3.\u00a0<br>Adem\u00e1s, adelant\u00f3 que se convocar\u00e1 a los trabajadores del sector a participar de las distintas capacitaciones que viene llevando adelante el gobierno provincial.<br>El evento de este s\u00e1bado, cuenta con el acompa\u00f1amiento del gobierno de la Provincia, la Fundaci\u00f3n Urunday, la C\u00e1mara de Comercio de Resistencia, y en esta edici\u00f3n con la municipalidad de Villa R\u00edo Bermejito, como localidad anfitriona.\u00a0<br>El encuentro se realiz\u00f3 por primera vez en 2013, a partir de la promulgaci\u00f3n de la Ley que establece el 10 de agosto como el D\u00eda del Cronista de Exteriores de Radio y Televisi\u00f3n. \u201cNosotros lo ampliamos a los sitios web y otras \u00e1reas donde tambi\u00e9n se hace el trabajo en exteriores. Todos los a\u00f1os lo hacemos en una zona diferente y se le entrega a un compa\u00f1ero el reconocimiento Santos Arg\u00fcello por su labor durante el a\u00f1o\u201d, detall\u00f3 el cronista Javier Mu\u00f1iz, que forma parte de la organizaci\u00f3n.<br>El encuentro se realiz\u00f3 por primera vez en 2013, a partir de la promulgaci\u00f3n de la Ley que establece el 10 de agosto como el D\u00eda del Cronista de Exteriores de Radio y Televisi\u00f3n. \u201cNosotros lo ampliamos a los sitios web y otras \u00e1reas donde tambi\u00e9n se hace el trabajo en exteriores. Todos los a\u00f1os lo hacemos en una zona diferente y se le entrega a un compa\u00f1ero el reconocimiento Santos Arguello por su labor durante el a\u00f1o\u201d, detall\u00f3 el cronista Javier Mu\u00f1iz, que forma parte de la organizaci\u00f3n.<\/p>\n","protected":false},"excerpt":{"rendered":"<p>Este s\u00e1bado 24, a las 12 hs, se realizar\u00e1, en el Camping Municipal de Villa R\u00edo Bermejito la 3\u00aa Fiesta del Cronista de Exteriores y entrega del premio al movilero del a\u00f1o con la estatuilla \u201cSantos Arg\u00fcello\u201d. El evento autogestivo cuenta con el acompa\u00f1amiento del gobierno de la Provincia, la Fundaci\u00f3n Urunday, la C\u00e1mara de [&hellip;]<\/p>\n","protected":false},"author":2,"featured_media":1654,"comment_status":"open","ping_status":"open","sticky":false,"template":"","format":"standard","meta":{"footnotes":""},"categories":[28],"tags":[],"class_list":{"0":"post-1653","1":"post","2":"type-post","3":"status-publish","4":"format-standard","5":"has-post-thumbnail","7":"category-locales"},"aioseo_notices":[],"_links":{"self":[{"href":"https:\/\/lalupa24.com.ar\/index.php\/wp-json\/wp\/v2\/posts\/1653","targetHints":{"allow":["GET"]}}],"collection":[{"href":"https:\/\/lalupa24.com.ar\/index.php\/wp-json\/wp\/v2\/posts"}],"about":[{"href":"https:\/\/lalupa24.com.ar\/index.php\/wp-json\/wp\/v2\/types\/post"}],"author":[{"embeddable":true,"href":"https:\/\/lalupa24.com.ar\/index.php\/wp-json\/wp\/v2\/users\/2"}],"replies":[{"embeddable":true,"href":"https:\/\/lalupa24.com.ar\/index.php\/wp-json\/wp\/v2\/comments?post=1653"}],"version-history":[{"count":1,"href":"https:\/\/lalupa24.com.ar\/index.php\/wp-json\/wp\/v2\/posts\/1653\/revisions"}],"predecessor-version":[{"id":1655,"href":"https:\/\/lalupa24.com.ar\/index.php\/wp-json\/wp\/v2\/posts\/1653\/revisions\/1655"}],"wp:featuredmedia":[{"embeddable":true,"href":"https:\/\/lalupa24.com.ar\/index.php\/wp-json\/wp\/v2\/media\/1654"}],"wp:attachment":[{"href":"https:\/\/lalupa24.com.ar\/index.php\/wp-json\/wp\/v2\/media?parent=1653"}],"wp:term":[{"taxonomy":"category","embeddable":true,"href":"https:\/\/lalupa24.com.ar\/index.php\/wp-json\/wp\/v2\/categories?post=1653"},{"taxonomy":"post_tag","embeddable":true,"href":"https:\/\/lalupa24.com.ar\/index.php\/wp-json\/wp\/v2\/tags?post=1653"}],"curies":[{"name":"wp","href":"https:\/\/api.w.org\/{rel}","templated":true}]}}