{"id":16569,"date":"2026-02-03T10:24:44","date_gmt":"2026-02-03T13:24:44","guid":{"rendered":"https:\/\/lalupa24.com.ar\/?p=16569"},"modified":"2026-02-03T10:24:45","modified_gmt":"2026-02-03T13:24:45","slug":"148-anos-de-resistencia-la-capital-del-chaco-celebro-a-lo-grande-su-aniversario","status":"publish","type":"post","link":"https:\/\/lalupa24.com.ar\/index.php\/2026\/02\/03\/148-anos-de-resistencia-la-capital-del-chaco-celebro-a-lo-grande-su-aniversario\/","title":{"rendered":"148 a\u00f1os de Resistencia, la capital del chaco celebr\u00f3 a lo grande su aniversario"},"content":{"rendered":"\n<p><\/p>\n\n\n\n<p>Resistencia celebr\u00f3 a lo grande su 148\u00b0 aniversario. Con el acto central, realizado frente al Monolito que recuerda la llegada de los primeros inmigrantes y la serie de eventos realizados luego, la fiesta fue presenciada por centenares de personas que se dieron cita al Paseo Costanero y al Parque Intercultural \u00ab2 de Febrero\u00bb.<\/p>\n\n\n\n<p>Emotivo fue el desembarco simb\u00f3lico en el r\u00edo Negro, llevado adelante por los canoistas del equipo de Paran\u00e1 Kayak Chaco, evento que form\u00f3 parte de la agenda municipal para fesjetar el cumplea\u00f1os de la ciudad, que incluyeron un mapping hist\u00f3rico, presencia de emprendedores, y espect\u00e1culos musicales con los grupos Trinar y Simplemente Raffa.<\/p>\n\n\n\n<p>La ceremonia oficial, encabezadas por el gobernador Leandro Zdero y el intendente Roy Nikisch, tuvo una oraci\u00f3n a trav\u00e9s de la Mesa Interreligiosa, entonaci\u00f3n de los himnos nacionales argentinos e italianos, a trav\u00e9s de la Banda Municipal de M\u00fasica \u00abLuis Omobono Gusberti\u00bb, ofrendas florales y entrega de placas aleg\u00f3ricas a esta fecha hist\u00f3rica.<\/p>\n\n\n\n<p>Al respecto, Nikisch expres\u00f3: \u00abQuiero concentrarme por la gran semana que tuvo Resistencia, festej\u00e1ndolo en cada d\u00eda\u00bb.<\/p>\n\n\n\n<p>\u00abRealmente debo agradecer al equipo de gobierno de la Municipalidad porque ha dise\u00f1ado una cantidad de eventos de todo tipo en casi todo el territorio de la ciudad, con mucha participaci\u00f3n ciudadana, as\u00ed que en ese sentido creo que fue un momento de reflexi\u00f3n, de decir, bueno, aqu\u00ed estamos, estamos presentes\u00bb, agreg\u00f3.<\/p>\n\n\n\n<p>\u00abComo lo dijo el gobernador, respecto a que tendr\u00eda que ser natural trabajar en forma conjunta, es algo que lo estamos haciendo y realmente hoy, despu\u00e9s de dos a\u00f1os de gesti\u00f3n, podemos decir que tenemos una Municipalidad equilibrada econ\u00f3micamente\u00bb, remarc\u00f3.<\/p>\n","protected":false},"excerpt":{"rendered":"<p>Resistencia celebr\u00f3 a lo grande su 148\u00b0 aniversario. Con el acto central, realizado frente al Monolito que recuerda la llegada de los primeros inmigrantes y la serie de eventos realizados luego, la fiesta fue presenciada por centenares de personas que se dieron cita al Paseo Costanero y al Parque Intercultural \u00ab2 de Febrero\u00bb. Emotivo fue [&hellip;]<\/p>\n","protected":false},"author":2,"featured_media":16570,"comment_status":"open","ping_status":"open","sticky":false,"template":"","format":"standard","meta":{"footnotes":""},"categories":[28],"tags":[],"class_list":{"0":"post-16569","1":"post","2":"type-post","3":"status-publish","4":"format-standard","5":"has-post-thumbnail","7":"category-locales"},"aioseo_notices":[],"_links":{"self":[{"href":"https:\/\/lalupa24.com.ar\/index.php\/wp-json\/wp\/v2\/posts\/16569","targetHints":{"allow":["GET"]}}],"collection":[{"href":"https:\/\/lalupa24.com.ar\/index.php\/wp-json\/wp\/v2\/posts"}],"about":[{"href":"https:\/\/lalupa24.com.ar\/index.php\/wp-json\/wp\/v2\/types\/post"}],"author":[{"embeddable":true,"href":"https:\/\/lalupa24.com.ar\/index.php\/wp-json\/wp\/v2\/users\/2"}],"replies":[{"embeddable":true,"href":"https:\/\/lalupa24.com.ar\/index.php\/wp-json\/wp\/v2\/comments?post=16569"}],"version-history":[{"count":1,"href":"https:\/\/lalupa24.com.ar\/index.php\/wp-json\/wp\/v2\/posts\/16569\/revisions"}],"predecessor-version":[{"id":16571,"href":"https:\/\/lalupa24.com.ar\/index.php\/wp-json\/wp\/v2\/posts\/16569\/revisions\/16571"}],"wp:featuredmedia":[{"embeddable":true,"href":"https:\/\/lalupa24.com.ar\/index.php\/wp-json\/wp\/v2\/media\/16570"}],"wp:attachment":[{"href":"https:\/\/lalupa24.com.ar\/index.php\/wp-json\/wp\/v2\/media?parent=16569"}],"wp:term":[{"taxonomy":"category","embeddable":true,"href":"https:\/\/lalupa24.com.ar\/index.php\/wp-json\/wp\/v2\/categories?post=16569"},{"taxonomy":"post_tag","embeddable":true,"href":"https:\/\/lalupa24.com.ar\/index.php\/wp-json\/wp\/v2\/tags?post=16569"}],"curies":[{"name":"wp","href":"https:\/\/api.w.org\/{rel}","templated":true}]}}