{"id":16574,"date":"2026-02-03T21:32:45","date_gmt":"2026-02-04T00:32:45","guid":{"rendered":"https:\/\/lalupa24.com.ar\/?p=16574"},"modified":"2026-02-03T21:32:46","modified_gmt":"2026-02-04T00:32:46","slug":"hermetismo-por-la-reunion-de-los-gobernadores-en-medio-de-las-negociaciones-por-la-reforma-laboral-de-milei","status":"publish","type":"post","link":"https:\/\/lalupa24.com.ar\/index.php\/2026\/02\/03\/hermetismo-por-la-reunion-de-los-gobernadores-en-medio-de-las-negociaciones-por-la-reforma-laboral-de-milei\/","title":{"rendered":"Hermetismo por la reuni\u00f3n de los gobernadores en medio de las negociaciones por la reforma laboral de Milei"},"content":{"rendered":"\n<p>Estaba convocado el encuentro para este mi\u00e9rcoles en el CFI, pero podr\u00eda hacerse por Zoom. Imprecisiones sobre la agenda.<\/p>\n\n\n\n<p>La reuni\u00f3n de los gobernadores prevista para este mi\u00e9rcoles se manten\u00eda en un profundo hermetismo a partir de la incertidumbre entre muchos de los mandatarios a la hora de confirmar el encuentro, en medio de las negociaciones \u201cbilaterales\u201d con el Gobierno por la reforma laboral.<\/p>\n\n\n\n<p>El mit\u00edn, previsto para este mi\u00e9rcoles el Consejo Federal de Inversiones (CFI), empez\u00f3 a perder adeptos a medida que avanzaron las horas y, hasta la noche de este martes, nadie pod\u00eda precisar a ciencia cierta si la reuni\u00f3n se llevar\u00e1 a cabo o si, por el contrario, habr\u00e1 alg\u00fan tipo de intercambio por Zoom.<\/p>\n\n\n\n<p>\u201cEst\u00e1 prevista una reuni\u00f3n, pero no sabemos si es por Zoom. Nunca estuvo confirmada, estamos viendo si la hacemos o no\u201d, admiti\u00f3, m\u00e1s temprano, el gobernador de la Pampa, Sergio Ziliotto, al abandonar una cita con el jefe de Gabinete, Manuel Adorni, y el ministro del Interior, Diego Santilli, en la Casa Rosada.<\/p>\n\n\n\n<p>Los gobernadores de la oposici\u00f3n peronismo y aliados quieren definir posturas comunes de cara al debate de la reforma laboral, el proyecto que el oficialismo busca darle media sanci\u00f3n en el Senado el 11 de febrero.<\/p>\n\n\n\n<p>M\u00e1s all\u00e1 de las discusiones entre sectores por los cambios en el r\u00e9gimen laboral, los referentes peronistas buscan respaldo incluso de sus pares cercanos a La Libertad Avanza (LLA) en el punto impositivo: la Casa Rosada propuso una rebaja de las al\u00edcuotas de Ganancias que deben pagar las empresas del 35% a 31,5% y de reducci\u00f3n de las contribuciones patronales. Pero nadie, ni en el peronismo ni en el no-peronismo, confirma el encuentro. <\/p>\n\n\n\n<p>El nudo de la discusi\u00f3n<\/p>\n\n\n\n<p>Las provincias dicen que el impacto en sus arcas ser\u00e1 de m\u00e1s de 3 billones, mientras el ministro de Econom\u00eda, Luis Caputo, sostiene que esa merma fiscal ser\u00e1 reci\u00e9n en 2027 y que rondar\u00e1 casi 1,5 billones de pesos. Pero 2027 es a\u00f1o electoral y ning\u00fan gobernador quiere estar escaso de recursos para afrontar sus campa\u00f1as.<\/p>\n\n\n\n<p>Mientras tanto, la jefa de la Libertad Avanza (LLA), Patricia Bullrich, anunci\u00f3 este martes que junto a otros bloques dialoguistas se solicit\u00f3 un pedido de sesi\u00f3n especial para el 11 de febrero para debatir la reforma laboral y se\u00f1al\u00f3 que hay un acuerdo en el 95% de los puntos con las fuerzas pol\u00edticas que respaldar\u00e1n esta iniciativa.<\/p>\n\n\n\n<p>&#8220;Creemos que tenemos los votos&#8221;, dijo Bullrich a los medios presentes, entre ellos la Agencia Noticias Argentinas, tras la reuni\u00f3n con los jefes de bloque Eduardo Vischi (radicalismo); Luis Juez (Frente C\u00edvico); Carlos Arce (Frente Renovador de la Concordia) y Edith Terenzi (Despierta Chubut), entre otros. &nbsp;<\/p>\n","protected":false},"excerpt":{"rendered":"<p>Estaba convocado el encuentro para este mi\u00e9rcoles en el CFI, pero podr\u00eda hacerse por Zoom. Imprecisiones sobre la agenda. La reuni\u00f3n de los gobernadores prevista para este mi\u00e9rcoles se manten\u00eda en un profundo hermetismo a partir de la incertidumbre entre muchos de los mandatarios a la hora de confirmar el encuentro, en medio de las [&hellip;]<\/p>\n","protected":false},"author":11,"featured_media":16575,"comment_status":"open","ping_status":"open","sticky":false,"template":"","format":"standard","meta":{"footnotes":""},"categories":[26],"tags":[],"class_list":{"0":"post-16574","1":"post","2":"type-post","3":"status-publish","4":"format-standard","5":"has-post-thumbnail","7":"category-nacionales"},"aioseo_notices":[],"_links":{"self":[{"href":"https:\/\/lalupa24.com.ar\/index.php\/wp-json\/wp\/v2\/posts\/16574","targetHints":{"allow":["GET"]}}],"collection":[{"href":"https:\/\/lalupa24.com.ar\/index.php\/wp-json\/wp\/v2\/posts"}],"about":[{"href":"https:\/\/lalupa24.com.ar\/index.php\/wp-json\/wp\/v2\/types\/post"}],"author":[{"embeddable":true,"href":"https:\/\/lalupa24.com.ar\/index.php\/wp-json\/wp\/v2\/users\/11"}],"replies":[{"embeddable":true,"href":"https:\/\/lalupa24.com.ar\/index.php\/wp-json\/wp\/v2\/comments?post=16574"}],"version-history":[{"count":1,"href":"https:\/\/lalupa24.com.ar\/index.php\/wp-json\/wp\/v2\/posts\/16574\/revisions"}],"predecessor-version":[{"id":16576,"href":"https:\/\/lalupa24.com.ar\/index.php\/wp-json\/wp\/v2\/posts\/16574\/revisions\/16576"}],"wp:featuredmedia":[{"embeddable":true,"href":"https:\/\/lalupa24.com.ar\/index.php\/wp-json\/wp\/v2\/media\/16575"}],"wp:attachment":[{"href":"https:\/\/lalupa24.com.ar\/index.php\/wp-json\/wp\/v2\/media?parent=16574"}],"wp:term":[{"taxonomy":"category","embeddable":true,"href":"https:\/\/lalupa24.com.ar\/index.php\/wp-json\/wp\/v2\/categories?post=16574"},{"taxonomy":"post_tag","embeddable":true,"href":"https:\/\/lalupa24.com.ar\/index.php\/wp-json\/wp\/v2\/tags?post=16574"}],"curies":[{"name":"wp","href":"https:\/\/api.w.org\/{rel}","templated":true}]}}