{"id":1665,"date":"2024-08-23T12:10:44","date_gmt":"2024-08-23T15:10:44","guid":{"rendered":"https:\/\/lalupa24.com.ar\/?p=1665"},"modified":"2024-08-23T12:10:44","modified_gmt":"2024-08-23T15:10:44","slug":"javier-milei-anuncio-que-vetara-la-nueva-ley-de-movilidad-jubilatoria-que-aprobo-el-congreso-es-una-estafa-moral","status":"publish","type":"post","link":"https:\/\/lalupa24.com.ar\/index.php\/2024\/08\/23\/javier-milei-anuncio-que-vetara-la-nueva-ley-de-movilidad-jubilatoria-que-aprobo-el-congreso-es-una-estafa-moral\/","title":{"rendered":"Javier Milei anunci\u00f3 que vetar\u00e1 la nueva ley de movilidad jubilatoria que aprob\u00f3 el Congreso: \u201cEs una estafa moral\u201d"},"content":{"rendered":"\n<p>El Senado sancion\u00f3 el proyecto con dos tercios de la C\u00e1mara, gracias a un acuerdo entre Uni\u00f3n por la Patria, la UCR y el PRO. \u201cEl Presidente se comprometi\u00f3 con los argentinos a sostener el super\u00e1vit fiscal a toda costa\u201d, alegaron en un comunicado<\/p>\n\n\n\n<p>Luego de que el Senado aprobara la\u00a0<a href=\"https:\/\/www.infobae.com\/politica\/2024\/08\/22\/el-senado-aprobo-la-nueva-formula-de-movilidad-jubilatoria-y-el-gobierno-amenaza-con-vetarla\/\" title=\"\">nueva f\u00f3rmula de movilidad jubilatoria<\/a>, el presidente<a href=\"https:\/\/www.infobae.com\/tag\/javier-milei\/\" target=\"_blank\" rel=\"noreferrer noopener\"><strong> Javier Milei<\/strong><\/a>\u00a0confirm\u00f3 que vetar\u00e1 la ley con el fin de mantener el\u00a0<strong>d\u00e9ficit cero<\/strong>, tal como hab\u00eda advertido cuando comenz\u00f3 a tratarse el proyecto. \u201c<strong>Es una estafa moral<\/strong>\u201d, aleg\u00f3.<\/p>\n\n\n\n<p>El Presidente agreg\u00f3 que no lo entiende de alguien que \u201cfue jefe de Estado, y sabe las necesidades en t\u00e9rminos de inteligencia que tiene que enfrentar la Argentina\u201d<\/p>\n","protected":false},"excerpt":{"rendered":"<p>El Senado sancion\u00f3 el proyecto con dos tercios de la C\u00e1mara, gracias a un acuerdo entre Uni\u00f3n por la Patria, la UCR y el PRO. \u201cEl Presidente se comprometi\u00f3 con los argentinos a sostener el super\u00e1vit fiscal a toda costa\u201d, alegaron en un comunicado Luego de que el Senado aprobara la\u00a0nueva f\u00f3rmula de movilidad jubilatoria, [&hellip;]<\/p>\n","protected":false},"author":2,"featured_media":1647,"comment_status":"open","ping_status":"open","sticky":false,"template":"","format":"standard","meta":{"footnotes":""},"categories":[24],"tags":[],"class_list":{"0":"post-1665","1":"post","2":"type-post","3":"status-publish","4":"format-standard","5":"has-post-thumbnail","7":"category-economia"},"aioseo_notices":[],"_links":{"self":[{"href":"https:\/\/lalupa24.com.ar\/index.php\/wp-json\/wp\/v2\/posts\/1665","targetHints":{"allow":["GET"]}}],"collection":[{"href":"https:\/\/lalupa24.com.ar\/index.php\/wp-json\/wp\/v2\/posts"}],"about":[{"href":"https:\/\/lalupa24.com.ar\/index.php\/wp-json\/wp\/v2\/types\/post"}],"author":[{"embeddable":true,"href":"https:\/\/lalupa24.com.ar\/index.php\/wp-json\/wp\/v2\/users\/2"}],"replies":[{"embeddable":true,"href":"https:\/\/lalupa24.com.ar\/index.php\/wp-json\/wp\/v2\/comments?post=1665"}],"version-history":[{"count":1,"href":"https:\/\/lalupa24.com.ar\/index.php\/wp-json\/wp\/v2\/posts\/1665\/revisions"}],"predecessor-version":[{"id":1666,"href":"https:\/\/lalupa24.com.ar\/index.php\/wp-json\/wp\/v2\/posts\/1665\/revisions\/1666"}],"wp:featuredmedia":[{"embeddable":true,"href":"https:\/\/lalupa24.com.ar\/index.php\/wp-json\/wp\/v2\/media\/1647"}],"wp:attachment":[{"href":"https:\/\/lalupa24.com.ar\/index.php\/wp-json\/wp\/v2\/media?parent=1665"}],"wp:term":[{"taxonomy":"category","embeddable":true,"href":"https:\/\/lalupa24.com.ar\/index.php\/wp-json\/wp\/v2\/categories?post=1665"},{"taxonomy":"post_tag","embeddable":true,"href":"https:\/\/lalupa24.com.ar\/index.php\/wp-json\/wp\/v2\/tags?post=1665"}],"curies":[{"name":"wp","href":"https:\/\/api.w.org\/{rel}","templated":true}]}}