{"id":16667,"date":"2026-02-09T09:25:50","date_gmt":"2026-02-09T12:25:50","guid":{"rendered":"https:\/\/lalupa24.com.ar\/?p=16667"},"modified":"2026-02-09T09:25:51","modified_gmt":"2026-02-09T12:25:51","slug":"bullrich-busca-consenso-clave-en-el-senado-para-destrabar-la-reforma-laboral","status":"publish","type":"post","link":"https:\/\/lalupa24.com.ar\/index.php\/2026\/02\/09\/bullrich-busca-consenso-clave-en-el-senado-para-destrabar-la-reforma-laboral\/","title":{"rendered":"BULLRICH BUSCA CONSENSO CLAVE EN EL SENADO PARA DESTRABAR LA REFORMA LABORAL"},"content":{"rendered":"\n<p>La ministra de Seguridad, Patricia Bullrich, en una maniobra que subraya la urgencia pol\u00edtica del Poder Ejecutivo, mantendr\u00e1 hoy una reuni\u00f3n crucial con los bloques denominados &#8220;dialoguistas&#8221; en el Senado. El objetivo primordial es pulir y definir el articulado final de la ambiciosa reforma laboral que el Gobierno impulsa como eje de su plan de modernizaci\u00f3n econ\u00f3mica. Este encuentro se produce en un clima de alta tensi\u00f3n parlamentaria, donde cada voto es decisivo para garantizar que el proyecto no sufra modificaciones sustanciales que alteren su esp\u00edritu original de flexibilizaci\u00f3n y reducci\u00f3n de litigiosidad.<\/p>\n\n\n\n<p>El centro del debate se sit\u00faa en puntos de fricci\u00f3n hist\u00f3ricos, como la modificaci\u00f3n de las multas por falta de registro laboral y la implementaci\u00f3n del fondo de cese laboral, inspirado en el modelo de la construcci\u00f3n. Seg\u00fan fuentes cercanas al despacho oficial, el Gobierno est\u00e1 dispuesto a conceder ciertas modificaciones t\u00e9cnicas menores siempre que se mantenga la estructura de incentivos para la creaci\u00f3n de empleo genuino. La presencia de Bullrich, figura de peso pol\u00edtico en la coalici\u00f3n, busca dar una se\u00f1al de firmeza y respaldo institucional ante las dudas que a\u00fan persisten en sectores del radicalismo y el peronismo federal.<\/p>\n\n\n\n<p>Desde el sector empresarial, las c\u00e1maras industriales han manifestado que la aprobaci\u00f3n de este marco normativo es &#8220;condici\u00f3n necesaria pero no suficiente&#8221; para reactivar la inversi\u00f3n privada a largo plazo. Por su parte, asesores legales de las principales centrales obreras advierten que algunos art\u00edculos podr\u00edan entrar en colisi\u00f3n con derechos constitucionales, lo que anticipa una judicializaci\u00f3n de la norma si no se logran acuerdos de redacci\u00f3n muy precisos. La negociaci\u00f3n de hoy se percibe, entonces, como un ejercicio de equilibrio fino entre la viabilidad pol\u00edtica y el rigor t\u00e9cnico-jur\u00eddico.<\/p>\n\n\n\n<p>El contexto legislativo actual presenta un escenario fragmentado donde el oficialismo requiere, de manera imperativa, el acompa\u00f1amiento de las fuerzas intermedias para evitar un bloqueo en la C\u00e1mara Alta. Los senadores que participan de la mesa de di\u00e1logo han adelantado que su prioridad es resguardar la protecci\u00f3n del trabajador frente a posibles arbitrariedades, sin por ello obstruir las herramientas que permitan a las PYMES contratar con mayor previsibilidad. La labor de Bullrich ser\u00e1 convencer a este sector de que la reforma es el \u00fanico camino para reducir la informalidad laboral, que hoy afecta a una parte significativa de la poblaci\u00f3n activa.<\/p>\n\n\n\n<p>Analistas pol\u00edticos se\u00f1alan que este movimiento refleja tambi\u00e9n una reconfiguraci\u00f3n de roles dentro del gabinete nacional, donde carteras de alto perfil asumen tareas de gesti\u00f3n parlamentaria para asegurar hitos legislativos antes del cierre del primer trimestre. La reforma laboral no es solo una medida econ\u00f3mica para la administraci\u00f3n actual, sino una bandera pol\u00edtica de transformaci\u00f3n estructural. Por ello, el resultado de las deliberaciones de esta tarde en el Congreso marcar\u00e1 el pulso de la relaci\u00f3n entre el Ejecutivo y el Legislativo para el resto del per\u00edodo ordinario.<\/p>\n\n\n\n<p>De concretarse un acuerdo sobre el texto definitivo, se espera que el dictamen pase a firma de manera inmediata para su tratamiento en el recinto la pr\u00f3xima semana. El \u00e9xito de esta gesti\u00f3n de Bullrich podr\u00eda destrabar, en cadena, otros proyectos de ley que se encuentran en lista de espera. El pa\u00eds observa con atenci\u00f3n este proceso, pues de su resoluci\u00f3n depender\u00e1n las nuevas reglas de juego para millones de empleadores y empleados, en un mercado de trabajo que reclama reglas claras frente a la volatilidad global.<\/p>\n\n\n\n<p><\/p>\n","protected":false},"excerpt":{"rendered":"<p>La ministra de Seguridad, Patricia Bullrich, en una maniobra que subraya la urgencia pol\u00edtica del Poder Ejecutivo, mantendr\u00e1 hoy una reuni\u00f3n crucial con los bloques denominados &#8220;dialoguistas&#8221; en el Senado. El objetivo primordial es pulir y definir el articulado final de la ambiciosa reforma laboral que el Gobierno impulsa como eje de su plan de [&hellip;]<\/p>\n","protected":false},"author":2,"featured_media":16651,"comment_status":"open","ping_status":"open","sticky":false,"template":"","format":"standard","meta":{"footnotes":""},"categories":[26],"tags":[],"class_list":{"0":"post-16667","1":"post","2":"type-post","3":"status-publish","4":"format-standard","5":"has-post-thumbnail","7":"category-nacionales"},"aioseo_notices":[],"_links":{"self":[{"href":"https:\/\/lalupa24.com.ar\/index.php\/wp-json\/wp\/v2\/posts\/16667","targetHints":{"allow":["GET"]}}],"collection":[{"href":"https:\/\/lalupa24.com.ar\/index.php\/wp-json\/wp\/v2\/posts"}],"about":[{"href":"https:\/\/lalupa24.com.ar\/index.php\/wp-json\/wp\/v2\/types\/post"}],"author":[{"embeddable":true,"href":"https:\/\/lalupa24.com.ar\/index.php\/wp-json\/wp\/v2\/users\/2"}],"replies":[{"embeddable":true,"href":"https:\/\/lalupa24.com.ar\/index.php\/wp-json\/wp\/v2\/comments?post=16667"}],"version-history":[{"count":1,"href":"https:\/\/lalupa24.com.ar\/index.php\/wp-json\/wp\/v2\/posts\/16667\/revisions"}],"predecessor-version":[{"id":16668,"href":"https:\/\/lalupa24.com.ar\/index.php\/wp-json\/wp\/v2\/posts\/16667\/revisions\/16668"}],"wp:featuredmedia":[{"embeddable":true,"href":"https:\/\/lalupa24.com.ar\/index.php\/wp-json\/wp\/v2\/media\/16651"}],"wp:attachment":[{"href":"https:\/\/lalupa24.com.ar\/index.php\/wp-json\/wp\/v2\/media?parent=16667"}],"wp:term":[{"taxonomy":"category","embeddable":true,"href":"https:\/\/lalupa24.com.ar\/index.php\/wp-json\/wp\/v2\/categories?post=16667"},{"taxonomy":"post_tag","embeddable":true,"href":"https:\/\/lalupa24.com.ar\/index.php\/wp-json\/wp\/v2\/tags?post=16667"}],"curies":[{"name":"wp","href":"https:\/\/api.w.org\/{rel}","templated":true}]}}