{"id":16679,"date":"2026-02-09T09:31:33","date_gmt":"2026-02-09T12:31:33","guid":{"rendered":"https:\/\/lalupa24.com.ar\/?p=16679"},"modified":"2026-02-09T09:31:34","modified_gmt":"2026-02-09T12:31:34","slug":"el-regimen-de-maduro-secuestra-a-juan-pablo-guanipa-horas-despues-de-su-excarcelacion","status":"publish","type":"post","link":"https:\/\/lalupa24.com.ar\/index.php\/2026\/02\/09\/el-regimen-de-maduro-secuestra-a-juan-pablo-guanipa-horas-despues-de-su-excarcelacion\/","title":{"rendered":"EL R\u00c9GIMEN DE MADURO SECUESTRA A JUAN PABLO GUANIPA HORAS DESPU\u00c9S DE SU EXCARCELACI\u00d3N"},"content":{"rendered":"\n<hr class=\"wp-block-separator has-alpha-channel-opacity\"\/>\n\n\n\n<h2 class=\"wp-block-heading\"><\/h2>\n\n\n\n<p>La crisis pol\u00edtica en Venezuela ha dado un giro alarmante tras confirmarse el secuestro del l\u00edder opositor Juan Pablo Guanipa, quien apenas horas antes hab\u00eda recuperado su libertad. Este suceso ocurre en un clima de extrema tensi\u00f3n, donde las &#8220;puertas giratorias&#8221; de las detenciones arbitrarias parecen haberse convertido en la herramienta predilecta del chavismo para amedrentar a las voces disidentes. La comunidad internacional observa con estupor c\u00f3mo la breve ventana de distensi\u00f3n abierta con su excarcelaci\u00f3n se cerr\u00f3 violentamente, subrayando la fragilidad de las garant\u00edas civiles en el pa\u00eds.<\/p>\n\n\n\n<p>Testigos y fuentes cercanas a la dirigencia de Primero Justicia denunciaron que la captura se produjo de manera irregular, sin orden judicial y mediante el uso de fuerzas de seguridad sin identificaci\u00f3n clara. Este patr\u00f3n, recurrente en las t\u00e1cticas de inteligencia del Servicio Bolivariano de Inteligencia Nacional (SEBIN), busca generar un efecto paralizador en la estructura de la oposici\u00f3n. Guanipa, una de las figuras m\u00e1s resilientes dentro del pa\u00eds, se suma nuevamente a la lista de presos pol\u00edticos, evidenciando que el r\u00e9gimen no est\u00e1 dispuesto a tolerar liderazgos activos en el territorio nacional.<\/p>\n\n\n\n<p>Expertos en derechos humanos se\u00f1alan que esta acci\u00f3n representa una violaci\u00f3n directa a los acuerdos m\u00ednimos de convivencia pol\u00edtica que se intentaban gestar en foros internacionales. La re-detenci\u00f3n de Guanipa no es un hecho aislado, sino que se enmarca en una estrategia sistem\u00e1tica de persecuci\u00f3n contra aquellos que cuestionan la legitimidad del Ejecutivo. La falta de transparencia sobre su paradero actual ha activado alertas en organismos como la ONU y la OEA, que exigen fe de vida y la liberaci\u00f3n inmediata de los detenidos por motivos ideol\u00f3gicos.<\/p>\n\n\n\n<p>En el plano pol\u00edtico, el secuestro de Guanipa desarticula moment\u00e1neamente la organizaci\u00f3n de protestas y actividades de la Plataforma Unitaria en el occidente del pa\u00eds, donde el l\u00edder tiene un fuerte arraigo. Analistas internacionales sugieren que este movimiento del chavismo podr\u00eda ser una respuesta defensiva ante las crecientes presiones externas y un intento de utilizar a las figuras de la oposici\u00f3n como &#8220;piezas de canje&#8221; en futuras negociaciones. No obstante, el costo en t\u00e9rminos de imagen internacional para el Palacio de Miraflores sigue en aumento.<\/p>\n\n\n\n<p>El impacto social de esta medida es profundo, ya que refuerza el sentimiento de vulnerabilidad entre los ciudadanos y la dirigencia media que a\u00fan permanece en Venezuela. La narrativa oficialista, que suele tildar a estos dirigentes de &#8220;agentes de desestabilizaci\u00f3n&#8221;, choca frontalmente con la realidad de un liderazgo que ha intentado mantener la lucha por la v\u00eda institucional y pac\u00edfica. La incertidumbre sobre la integridad f\u00edsica de Guanipa mantiene en vilo no solo a su familia, sino a todo el arco democr\u00e1tico que ve c\u00f3mo se cierran los espacios de di\u00e1logo.<\/p>\n\n\n\n<p>El futuro inmediato de Venezuela se vislumbra sombr\u00edo si la represi\u00f3n contin\u00faa escalando de esta manera. La detenci\u00f3n de Guanipa podr\u00eda ser el preludio de una nueva ola de persecuciones que termine por sepultar cualquier esperanza de una transici\u00f3n negociada en el corto plazo. La respuesta de la comunidad internacional ser\u00e1 determinante para establecer si habr\u00e1 consecuencias tangibles para el r\u00e9gimen o si, por el contrario, la impunidad volver\u00e1 a prevalecer en un sistema judicial que parece actuar como un brazo ejecutor del poder ejecutivo.<\/p>\n","protected":false},"excerpt":{"rendered":"<p>La crisis pol\u00edtica en Venezuela ha dado un giro alarmante tras confirmarse el secuestro del l\u00edder opositor Juan Pablo Guanipa, quien apenas horas antes hab\u00eda recuperado su libertad. Este suceso ocurre en un clima de extrema tensi\u00f3n, donde las &#8220;puertas giratorias&#8221; de las detenciones arbitrarias parecen haberse convertido en la herramienta predilecta del chavismo para [&hellip;]<\/p>\n","protected":false},"author":2,"featured_media":16657,"comment_status":"open","ping_status":"open","sticky":false,"template":"","format":"standard","meta":{"footnotes":""},"categories":[25],"tags":[],"class_list":{"0":"post-16679","1":"post","2":"type-post","3":"status-publish","4":"format-standard","5":"has-post-thumbnail","7":"category-internacionales"},"aioseo_notices":[],"_links":{"self":[{"href":"https:\/\/lalupa24.com.ar\/index.php\/wp-json\/wp\/v2\/posts\/16679","targetHints":{"allow":["GET"]}}],"collection":[{"href":"https:\/\/lalupa24.com.ar\/index.php\/wp-json\/wp\/v2\/posts"}],"about":[{"href":"https:\/\/lalupa24.com.ar\/index.php\/wp-json\/wp\/v2\/types\/post"}],"author":[{"embeddable":true,"href":"https:\/\/lalupa24.com.ar\/index.php\/wp-json\/wp\/v2\/users\/2"}],"replies":[{"embeddable":true,"href":"https:\/\/lalupa24.com.ar\/index.php\/wp-json\/wp\/v2\/comments?post=16679"}],"version-history":[{"count":1,"href":"https:\/\/lalupa24.com.ar\/index.php\/wp-json\/wp\/v2\/posts\/16679\/revisions"}],"predecessor-version":[{"id":16680,"href":"https:\/\/lalupa24.com.ar\/index.php\/wp-json\/wp\/v2\/posts\/16679\/revisions\/16680"}],"wp:featuredmedia":[{"embeddable":true,"href":"https:\/\/lalupa24.com.ar\/index.php\/wp-json\/wp\/v2\/media\/16657"}],"wp:attachment":[{"href":"https:\/\/lalupa24.com.ar\/index.php\/wp-json\/wp\/v2\/media?parent=16679"}],"wp:term":[{"taxonomy":"category","embeddable":true,"href":"https:\/\/lalupa24.com.ar\/index.php\/wp-json\/wp\/v2\/categories?post=16679"},{"taxonomy":"post_tag","embeddable":true,"href":"https:\/\/lalupa24.com.ar\/index.php\/wp-json\/wp\/v2\/tags?post=16679"}],"curies":[{"name":"wp","href":"https:\/\/api.w.org\/{rel}","templated":true}]}}