{"id":16681,"date":"2026-02-09T09:31:57","date_gmt":"2026-02-09T12:31:57","guid":{"rendered":"https:\/\/lalupa24.com.ar\/?p=16681"},"modified":"2026-02-09T09:31:58","modified_gmt":"2026-02-09T12:31:58","slug":"milei-reprograma-su-agenda-viajara-a-ee-uu-para-inaugurar-la-junta-de-la-paz-con-donald-trump","status":"publish","type":"post","link":"https:\/\/lalupa24.com.ar\/index.php\/2026\/02\/09\/milei-reprograma-su-agenda-viajara-a-ee-uu-para-inaugurar-la-junta-de-la-paz-con-donald-trump\/","title":{"rendered":"MILEI REPROGRAMA SU AGENDA: VIAJAR\u00c1 A EE. UU. PARA INAUGURAR LA JUNTA DE LA PAZ CON DONALD TRUMP"},"content":{"rendered":"\n<p>En un movimiento estrat\u00e9gico que recalibra las prioridades de la pol\u00edtica exterior argentina, el presidente Javier Milei ha decidido cancelar su agenda inmediata en los Estados Unidos para concentrar sus esfuerzos en un evento de alto impacto geopol\u00edtico. El mandatario viajar\u00e1 a mediados de mes para participar en la inauguraci\u00f3n de la &#8220;Junta de la Paz&#8221; junto a Donald Trump, consolidando una alianza que trasciende lo meramente protocolar. Este cambio de planes subraya la importancia que la administraci\u00f3n libertaria otorga a su relaci\u00f3n con el l\u00edder republicano en un contexto de reordenamiento global.<\/p>\n\n\n\n<p>La decisi\u00f3n de postergar las reuniones previamente pactadas para esta semana responde a la necesidad de sincronizar los tiempos pol\u00edticos con la agenda de Trump, quien ha posicionado la Junta de la Paz como un eje central de su plataforma internacional. Seg\u00fan fuentes de la Casa Rosada, Milei considera que su presencia en este foro es fundamental para ratificar a la Argentina como el principal aliado estrat\u00e9gico de los Estados Unidos en la regi\u00f3n. El encuentro no solo busca una foto de unidad ideol\u00f3gica, sino tambi\u00e9n establecer las bases de una cooperaci\u00f3n econ\u00f3mica y de seguridad m\u00e1s estrecha.<\/p>\n\n\n\n<p>Analistas de pol\u00edtica internacional coinciden en que este viaje tiene un fuerte componente simb\u00f3lico y pr\u00e1ctico. Al alinearse de manera tan expl\u00edcita con Trump antes de los comicios clave en territorio norteamericano, Milei apuesta por un eje de poder conservador que busca influir en los organismos multilaterales. Desde el Ministerio de Relaciones Exteriores, se indica que la participaci\u00f3n argentina en la Junta de la Paz abrir\u00e1 puertas para discusiones sobre deuda, inversiones en energ\u00eda y tecnolog\u00eda, temas vitales para el programa de reformas que lidera el presidente en el \u00e1mbito local.<\/p>\n\n\n\n<p>El contexto interno de Argentina tambi\u00e9n juega un papel en esta reconfiguraci\u00f3n de la agenda. El gobierno busca capitalizar el prestigio internacional de Milei para fortalecer su posici\u00f3n frente a la oposici\u00f3n y los mercados financieros. La sinton\u00eda personal entre Milei y Trump es vista por el electorado oficialista como una garant\u00eda de que el pa\u00eds volver\u00e1 a ser un actor relevante en las grandes decisiones globales. Sin embargo, este alineamiento total tambi\u00e9n conlleva riesgos diplom\u00e1ticos en caso de que la administraci\u00f3n dem\u00f3crata tome represalias en \u00e1reas de cooperaci\u00f3n t\u00e9cnica.<\/p>\n\n\n\n<p>La Junta de la Paz se presenta como una alternativa a los foros tradicionales, con una agenda que prioriza la soberan\u00eda nacional y el libre mercado. Para Milei, este escenario es el p\u00falpito ideal para exponer sus ideas contra el &#8220;colectivismo&#8221; y atraer la mirada de los capitales m\u00e1s influyentes de Wall Street. La Casa Blanca observa con cautela este acercamiento, mientras que el equipo de Trump celebra la llegada de un l\u00edder que comparte sus diagn\u00f3sticos sobre la burocracia internacional y la necesidad de un nuevo orden basado en la seguridad y la libertad.<\/p>\n\n\n\n<p>Hacia finales de mes, los resultados de este viaje permitir\u00e1n evaluar si la apuesta de Milei por el &#8220;factor Trump&#8221; rinde los frutos esperados en t\u00e9rminos de alivio financiero para Argentina. La expectativa es que el regreso del presidente al pa\u00eds est\u00e9 marcado por anuncios de inversi\u00f3n y un respaldo pol\u00edtico que le brinde ox\u00edgeno en su batalla legislativa interna. En \u00faltima instancia, la inauguraci\u00f3n de la Junta de la Paz podr\u00eda ser el acta fundacional de un nuevo bloque regional liderado por una Argentina que ya no teme jugar fuerte en el tablero internacional.<\/p>\n","protected":false},"excerpt":{"rendered":"<p>En un movimiento estrat\u00e9gico que recalibra las prioridades de la pol\u00edtica exterior argentina, el presidente Javier Milei ha decidido cancelar su agenda inmediata en los Estados Unidos para concentrar sus esfuerzos en un evento de alto impacto geopol\u00edtico. El mandatario viajar\u00e1 a mediados de mes para participar en la inauguraci\u00f3n de la &#8220;Junta de la [&hellip;]<\/p>\n","protected":false},"author":2,"featured_media":16658,"comment_status":"open","ping_status":"open","sticky":false,"template":"","format":"standard","meta":{"footnotes":""},"categories":[26],"tags":[],"class_list":{"0":"post-16681","1":"post","2":"type-post","3":"status-publish","4":"format-standard","5":"has-post-thumbnail","7":"category-nacionales"},"aioseo_notices":[],"_links":{"self":[{"href":"https:\/\/lalupa24.com.ar\/index.php\/wp-json\/wp\/v2\/posts\/16681","targetHints":{"allow":["GET"]}}],"collection":[{"href":"https:\/\/lalupa24.com.ar\/index.php\/wp-json\/wp\/v2\/posts"}],"about":[{"href":"https:\/\/lalupa24.com.ar\/index.php\/wp-json\/wp\/v2\/types\/post"}],"author":[{"embeddable":true,"href":"https:\/\/lalupa24.com.ar\/index.php\/wp-json\/wp\/v2\/users\/2"}],"replies":[{"embeddable":true,"href":"https:\/\/lalupa24.com.ar\/index.php\/wp-json\/wp\/v2\/comments?post=16681"}],"version-history":[{"count":1,"href":"https:\/\/lalupa24.com.ar\/index.php\/wp-json\/wp\/v2\/posts\/16681\/revisions"}],"predecessor-version":[{"id":16683,"href":"https:\/\/lalupa24.com.ar\/index.php\/wp-json\/wp\/v2\/posts\/16681\/revisions\/16683"}],"wp:featuredmedia":[{"embeddable":true,"href":"https:\/\/lalupa24.com.ar\/index.php\/wp-json\/wp\/v2\/media\/16658"}],"wp:attachment":[{"href":"https:\/\/lalupa24.com.ar\/index.php\/wp-json\/wp\/v2\/media?parent=16681"}],"wp:term":[{"taxonomy":"category","embeddable":true,"href":"https:\/\/lalupa24.com.ar\/index.php\/wp-json\/wp\/v2\/categories?post=16681"},{"taxonomy":"post_tag","embeddable":true,"href":"https:\/\/lalupa24.com.ar\/index.php\/wp-json\/wp\/v2\/tags?post=16681"}],"curies":[{"name":"wp","href":"https:\/\/api.w.org\/{rel}","templated":true}]}}