{"id":16751,"date":"2026-02-09T12:53:25","date_gmt":"2026-02-09T15:53:25","guid":{"rendered":"https:\/\/lalupa24.com.ar\/?p=16751"},"modified":"2026-02-09T12:53:26","modified_gmt":"2026-02-09T15:53:26","slug":"el-municipio-vallo-un-sector-de-la-laguna-arguello-por-la-prolifereacion-de-un-alga-toxica","status":"publish","type":"post","link":"https:\/\/lalupa24.com.ar\/index.php\/2026\/02\/09\/el-municipio-vallo-un-sector-de-la-laguna-arguello-por-la-prolifereacion-de-un-alga-toxica\/","title":{"rendered":"El municipio vall\u00f3 un sector de la laguna arguello por la prolifereaci\u00f3n de un alga t\u00f3xica"},"content":{"rendered":"\n<p><\/p>\n\n\n\n<p>La Municipalidad de Resistencia informa que se encuentra cerrado el acceso a un sector de la Laguna Arg\u00fcello, debido a la aparente existencia de un alga t\u00f3xica que se produce por la falta de lluvia y el intenso calor.<\/p>\n\n\n\n<p>Desde la Subsecretar\u00eda de Asuntos H\u00eddricos explicaron que en el \u00e1rea de la Laguna que est\u00e1 m\u00e1s al norte de la Ciudad, se detect\u00f3 un tipo de alga que podr\u00eda llegar a ser t\u00f3xica y se le dio intervenci\u00f3n a la Administraci\u00f3n Provincial del Agua (APA) para que tome muestras del agua y realice un an\u00e1lisis.<\/p>\n\n\n\n<p>El agua tiene un color fl\u00faor que indica la presencia de cianobacterias, por ello se dispuso un vallado preventivo para evitar que las personas se acerquen y que corran riesgo los animales que suelen tomar de esa agua. En tanto, el espacio verde que rodea a la laguna se encuentra habilitado para su uso, con la precauci\u00f3n de no tocar el agua.<\/p>\n\n\n\n<p>Aclararon que este tipo de planta acu\u00e1tica prolifera en \u00e9pocas de pocas lluvias y altas temperaturas, por ello, cuando vuelvan las precipitaciones se dar\u00e1 un recambio en el agua y se eliminar\u00e1<\/p>\n","protected":false},"excerpt":{"rendered":"<p>La Municipalidad de Resistencia informa que se encuentra cerrado el acceso a un sector de la Laguna Arg\u00fcello, debido a la aparente existencia de un alga t\u00f3xica que se produce por la falta de lluvia y el intenso calor. Desde la Subsecretar\u00eda de Asuntos H\u00eddricos explicaron que en el \u00e1rea de la Laguna que est\u00e1 [&hellip;]<\/p>\n","protected":false},"author":2,"featured_media":16752,"comment_status":"open","ping_status":"open","sticky":false,"template":"","format":"standard","meta":{"footnotes":""},"categories":[28],"tags":[],"class_list":{"0":"post-16751","1":"post","2":"type-post","3":"status-publish","4":"format-standard","5":"has-post-thumbnail","7":"category-locales"},"aioseo_notices":[],"_links":{"self":[{"href":"https:\/\/lalupa24.com.ar\/index.php\/wp-json\/wp\/v2\/posts\/16751","targetHints":{"allow":["GET"]}}],"collection":[{"href":"https:\/\/lalupa24.com.ar\/index.php\/wp-json\/wp\/v2\/posts"}],"about":[{"href":"https:\/\/lalupa24.com.ar\/index.php\/wp-json\/wp\/v2\/types\/post"}],"author":[{"embeddable":true,"href":"https:\/\/lalupa24.com.ar\/index.php\/wp-json\/wp\/v2\/users\/2"}],"replies":[{"embeddable":true,"href":"https:\/\/lalupa24.com.ar\/index.php\/wp-json\/wp\/v2\/comments?post=16751"}],"version-history":[{"count":1,"href":"https:\/\/lalupa24.com.ar\/index.php\/wp-json\/wp\/v2\/posts\/16751\/revisions"}],"predecessor-version":[{"id":16753,"href":"https:\/\/lalupa24.com.ar\/index.php\/wp-json\/wp\/v2\/posts\/16751\/revisions\/16753"}],"wp:featuredmedia":[{"embeddable":true,"href":"https:\/\/lalupa24.com.ar\/index.php\/wp-json\/wp\/v2\/media\/16752"}],"wp:attachment":[{"href":"https:\/\/lalupa24.com.ar\/index.php\/wp-json\/wp\/v2\/media?parent=16751"}],"wp:term":[{"taxonomy":"category","embeddable":true,"href":"https:\/\/lalupa24.com.ar\/index.php\/wp-json\/wp\/v2\/categories?post=16751"},{"taxonomy":"post_tag","embeddable":true,"href":"https:\/\/lalupa24.com.ar\/index.php\/wp-json\/wp\/v2\/tags?post=16751"}],"curies":[{"name":"wp","href":"https:\/\/api.w.org\/{rel}","templated":true}]}}