{"id":16900,"date":"2026-02-18T10:24:40","date_gmt":"2026-02-18T13:24:40","guid":{"rendered":"https:\/\/lalupa24.com.ar\/?p=16900"},"modified":"2026-02-18T10:24:41","modified_gmt":"2026-02-18T13:24:41","slug":"paro-general-de-transporte-el-mapa-de-servicios-afectados-y-el-alcance-de-la-medida-de-fuerza","status":"publish","type":"post","link":"https:\/\/lalupa24.com.ar\/index.php\/2026\/02\/18\/paro-general-de-transporte-el-mapa-de-servicios-afectados-y-el-alcance-de-la-medida-de-fuerza\/","title":{"rendered":"PARO GENERAL DE TRANSPORTE: EL MAPA DE SERVICIOS AFECTADOS Y EL ALCANCE DE LA MEDIDA DE FUERZA"},"content":{"rendered":"\n<p>La Argentina se encamina a una jornada de par\u00e1lisis casi total en el sistema de transporte p\u00fablico tras la ratificaci\u00f3n de un paro general que involucra a los principales gremios del sector. La medida de fuerza, impulsada por una coalici\u00f3n de sindicatos del transporte, busca visibilizar el rechazo a las pol\u00edticas econ\u00f3micas actuales y la p\u00e9rdida del poder adquisitivo de los salarios. El cese de actividades tendr\u00e1 una escala nacional y afectar\u00e1 de manera directa a millones de usuarios que dependen de trenes, colectivos y subtes para sus desplazamientos diarios, tensando a\u00fan m\u00e1s la relaci\u00f3n entre el sindicalismo y el Poder Ejecutivo.<\/p>\n\n\n\n<p>En el sector ferroviario, la adhesi\u00f3n ser\u00e1 total debido al consenso alcanzado entre los principales sindicatos de la actividad. Tanto los conductores representados por La Fraternidad como el personal de base agrupado en la Uni\u00f3n Ferroviaria han confirmado que no prestar\u00e1n servicios de corta, media ni larga distancia. Esta interrupci\u00f3n no solo afecta al \u00c1rea Metropolitana de Buenos Aires (AMBA), sino que corta el flujo de pasajeros y mercanc\u00edas en todo el territorio nacional, lo que representa un golpe log\u00edstico de proporciones considerables para la actividad econ\u00f3mica en general.<\/p>\n\n\n\n<p>En cuanto a los colectivos, la situaci\u00f3n presenta matices dependiendo de la l\u00ednea y la representaci\u00f3n gremial. Mientras que las facciones m\u00e1s duras de la Uni\u00f3n Tranviarios Automotor (UTA) han llamado a un cese total de actividades, algunas l\u00edneas provinciales o municipales podr\u00edan operar con frecuencias reducidas o servicios de emergencia. No obstante, las c\u00e1maras empresariales del transporte automotor han advertido que, ante la falta de garant\u00edas de seguridad y la alta adhesi\u00f3n de los choferes, la mayor\u00eda de las unidades permanecer\u00e1n en las cabeceras, dejando a la poblaci\u00f3n sin el principal medio de locomoci\u00f3n urbana.<\/p>\n\n\n\n<p>El servicio de subterr\u00e1neos y el Premetro en la Ciudad de Buenos Aires tambi\u00e9n se ver\u00e1 interrumpido por la acci\u00f3n de los Metrodelegados. El gremio ha manifestado que el paro es la \u00fanica v\u00eda para denunciar la falta de inversi\u00f3n en infraestructura y la necesidad de una recomposici\u00f3n salarial urgente frente al incremento del costo de vida. Esta medida paraliza el n\u00facleo log\u00edstico de la capital, forzando a miles de trabajadores a recurrir al uso de veh\u00edculos particulares, lo que se prev\u00e9 que generar\u00e1 un colapso en los principales accesos y avenidas de la ciudad.<\/p>\n\n\n\n<p>El Gobierno nacional, a trav\u00e9s del Ministerio de Transporte, ha calificado la medida como &#8220;pol\u00edtica&#8221; y ha instado a los gremios a mantener canales de di\u00e1logo para evitar el perjuicio a los trabajadores que desean asistir a sus puestos. Seg\u00fan fuentes oficiales, se est\u00e1n evaluando sanciones para aquellas empresas que no garanticen servicios m\u00ednimos, aunque en la pr\u00e1ctica, la capacidad de control es limitada ante la magnitud de la protesta. Analistas laborales sugieren que este paro es un term\u00f3metro de la conflictividad social que marcar\u00e1 el primer semestre del a\u00f1o, evidenciando una fractura profunda entre las centrales obreras y la administraci\u00f3n central.<\/p>\n\n\n\n<p>El cierre de la jornada de protesta se perfila como un desaf\u00edo log\u00edstico para el d\u00eda posterior, dado que la normalizaci\u00f3n de las frecuencias de trenes y colectivos suele demandar varias horas tras el fin de una medida de tal envergadura. El impacto final no solo se medir\u00e1 en las p\u00e9rdidas econ\u00f3micas directas por la falta de actividad, sino en el mensaje pol\u00edtico que el sindicalismo logra enviar al Gobierno. Con la amenaza de nuevas medidas de fuerza en el horizonte si no se logran acuerdos en las mesas paritarias, el pa\u00eds queda a la espera de una resoluci\u00f3n que alivie la tensi\u00f3n en un servicio p\u00fablico esencial para la estabilidad social.<\/p>\n","protected":false},"excerpt":{"rendered":"<p>La Argentina se encamina a una jornada de par\u00e1lisis casi total en el sistema de transporte p\u00fablico tras la ratificaci\u00f3n de un paro general que involucra a los principales gremios del sector. La medida de fuerza, impulsada por una coalici\u00f3n de sindicatos del transporte, busca visibilizar el rechazo a las pol\u00edticas econ\u00f3micas actuales y la [&hellip;]<\/p>\n","protected":false},"author":2,"featured_media":16897,"comment_status":"open","ping_status":"open","sticky":false,"template":"","format":"standard","meta":{"footnotes":""},"categories":[24],"tags":[],"class_list":{"0":"post-16900","1":"post","2":"type-post","3":"status-publish","4":"format-standard","5":"has-post-thumbnail","7":"category-economia"},"aioseo_notices":[],"_links":{"self":[{"href":"https:\/\/lalupa24.com.ar\/index.php\/wp-json\/wp\/v2\/posts\/16900","targetHints":{"allow":["GET"]}}],"collection":[{"href":"https:\/\/lalupa24.com.ar\/index.php\/wp-json\/wp\/v2\/posts"}],"about":[{"href":"https:\/\/lalupa24.com.ar\/index.php\/wp-json\/wp\/v2\/types\/post"}],"author":[{"embeddable":true,"href":"https:\/\/lalupa24.com.ar\/index.php\/wp-json\/wp\/v2\/users\/2"}],"replies":[{"embeddable":true,"href":"https:\/\/lalupa24.com.ar\/index.php\/wp-json\/wp\/v2\/comments?post=16900"}],"version-history":[{"count":1,"href":"https:\/\/lalupa24.com.ar\/index.php\/wp-json\/wp\/v2\/posts\/16900\/revisions"}],"predecessor-version":[{"id":16901,"href":"https:\/\/lalupa24.com.ar\/index.php\/wp-json\/wp\/v2\/posts\/16900\/revisions\/16901"}],"wp:featuredmedia":[{"embeddable":true,"href":"https:\/\/lalupa24.com.ar\/index.php\/wp-json\/wp\/v2\/media\/16897"}],"wp:attachment":[{"href":"https:\/\/lalupa24.com.ar\/index.php\/wp-json\/wp\/v2\/media?parent=16900"}],"wp:term":[{"taxonomy":"category","embeddable":true,"href":"https:\/\/lalupa24.com.ar\/index.php\/wp-json\/wp\/v2\/categories?post=16900"},{"taxonomy":"post_tag","embeddable":true,"href":"https:\/\/lalupa24.com.ar\/index.php\/wp-json\/wp\/v2\/tags?post=16900"}],"curies":[{"name":"wp","href":"https:\/\/api.w.org\/{rel}","templated":true}]}}