{"id":16902,"date":"2026-02-18T10:26:01","date_gmt":"2026-02-18T13:26:01","guid":{"rendered":"https:\/\/lalupa24.com.ar\/?p=16902"},"modified":"2026-02-18T10:26:02","modified_gmt":"2026-02-18T13:26:02","slug":"paro-general-en-argentina-el-transporte-confirma-una-paralizacion-total-contra-la-reforma-laboral","status":"publish","type":"post","link":"https:\/\/lalupa24.com.ar\/index.php\/2026\/02\/18\/paro-general-en-argentina-el-transporte-confirma-una-paralizacion-total-contra-la-reforma-laboral\/","title":{"rendered":"PARO GENERAL EN ARGENTINA: EL TRANSPORTE CONFIRMA UNA PARALIZACI\u00d3N TOTAL CONTRA LA REFORMA LABORAL"},"content":{"rendered":"\n<hr class=\"wp-block-separator has-alpha-channel-opacity\"\/>\n\n\n\n<h3 class=\"wp-block-heading\">La Confederaci\u00f3n General del Trabajo (CGT) ha ratificado la convocatoria a un paro general de 24 horas para este jueves 19 de febrero, una medida que amenaza con paralizar los principales centros urbanos del pa\u00eds. La huelga, que surge como respuesta directa al avance del proyecto de reforma laboral en el Congreso de la Naci\u00f3n, ha logrado una adhesi\u00f3n un\u00e1nime de los gremios del transporte. Esta decisi\u00f3n coloca al Gobierno en una situaci\u00f3n de m\u00e1xima tensi\u00f3n, ya que la interrupci\u00f3n de los servicios b\u00e1sicos no solo afecta la movilidad, sino que act\u00faa como un term\u00f3metro del descontento social ante las nuevas pol\u00edticas de flexibilizaci\u00f3n propuestas por el Ejecutivo.<\/h3>\n\n\n\n<p>El sector automotor ser\u00e1 uno de los pilares de la medida de fuerza tras la confirmaci\u00f3n de la Uni\u00f3n Tranviarios Automotor (UTA). Seg\u00fan fuentes gremiales, no habr\u00e1 servicio de colectivos de corta, media ni larga distancia en todo el territorio nacional desde la medianoche. Roberto Fern\u00e1ndez, secretario general del sindicato, sostuvo que la reforma afecta derechos fundamentales y que la adhesi\u00f3n es &#8220;una respuesta a la falta de di\u00e1logo&#8221; por parte de las autoridades nacionales. A esta postura se sum\u00f3 la Confederaci\u00f3n Argentina de Trabajadores del Transporte (CATT), que nuclea a diversos sectores log\u00edsticos y de carga, garantizando un impacto sist\u00e9mico en la cadena de suministros.<\/p>\n\n\n\n<p>En el \u00e1mbito ferroviario, el panorama es similar con la confirmaci\u00f3n de La Fraternidad y la Uni\u00f3n Ferroviaria. Omar Maturano, referente de los maquinistas, ratific\u00f3 que no circular\u00e1n trenes de pasajeros ni de carga, argumentando que las modificaciones legales previstas impactan negativamente en las condiciones de seguridad y los reg\u00edmenes de licencias de los trabajadores del sector. Paralelamente, los Metrodelegados anunciaron la paralizaci\u00f3n total del servicio de subtes y premetro en la Ciudad de Buenos Aires, lo que obligar\u00e1 a millones de usuarios a buscar alternativas de movilidad privada, las cuales se ver\u00e1n congestionadas por el cese de la actividad en las terminales neur\u00e1lgicas.<\/p>\n\n\n\n<p>El impacto de la jornada de protesta se extender\u00e1 tambi\u00e9n al sector aerocomercial. Los gremios aeron\u00e1uticos, incluyendo a pilotos y personal de tierra, han manifestado su adhesi\u00f3n, lo que resultar\u00e1 en cancelaciones y reprogramaciones masivas de vuelos tanto nacionales como internacionales. Esta situaci\u00f3n se agrava por el hecho de que el Gobierno ya ha notificado que proceder\u00e1 al descuento del d\u00eda a los empleados estatales que se sumen a la huelga, una pol\u00edtica de &#8220;pu\u00f1o de hierro&#8221; que busca desincentivar la participaci\u00f3n, especialmente en dependencias p\u00fablicas y el sector educativo, donde algunos gremios docentes a\u00fan mantienen una postura dispar.<\/p>\n\n\n\n<p>Analistas del sector econ\u00f3mico advierten que un paro de transporte de esta magnitud representa una p\u00e9rdida millonaria para el pa\u00eds, afectando la recaudaci\u00f3n y la productividad en un contexto de alta fragilidad financiera. Desde el Ministerio de Seguridad, se ha informado que se desplegar\u00e1n operativos preventivos para garantizar la libre circulaci\u00f3n de quienes decidan trabajar, aunque admiten que, sin transporte p\u00fablico, la actividad laboral se ver\u00e1 reducida al m\u00ednimo. La medida de fuerza coincide estrat\u00e9gicamente con la sesi\u00f3n prevista en la C\u00e1mara de Diputados, marcando un hito en la conflictividad social de la gesti\u00f3n actual.<\/p>\n\n\n\n<p>El \u00e9xito o fracaso de esta huelga ser\u00e1 determinante para el futuro inmediato de la agenda legislativa del Gobierno. Si la adhesi\u00f3n es masiva, la CGT fortalecer\u00e1 su posici\u00f3n de cara a futuras negociaciones, mientras que el oficialismo deber\u00e1 evaluar si mantiene la rigidez de su proyecto o si abre canales de di\u00e1logo m\u00e1s flexibles con los sectores sindicales. Por el momento, el clima de incertidumbre domina la jornada previa, con una sociedad que se prepara para un jueves de inactividad forzada y un Congreso que sesionar\u00e1 bajo el asedio de la presi\u00f3n gremial.<\/p>\n\n\n\n<p><\/p>\n","protected":false},"excerpt":{"rendered":"<p>La Confederaci\u00f3n General del Trabajo (CGT) ha ratificado la convocatoria a un paro general de 24 horas para este jueves 19 de febrero, una medida que amenaza con paralizar los principales centros urbanos del pa\u00eds. La huelga, que surge como respuesta directa al avance del proyecto de reforma laboral en el Congreso de la Naci\u00f3n, [&hellip;]<\/p>\n","protected":false},"author":2,"featured_media":16896,"comment_status":"open","ping_status":"open","sticky":false,"template":"","format":"standard","meta":{"footnotes":""},"categories":[26],"tags":[],"class_list":{"0":"post-16902","1":"post","2":"type-post","3":"status-publish","4":"format-standard","5":"has-post-thumbnail","7":"category-nacionales"},"aioseo_notices":[],"_links":{"self":[{"href":"https:\/\/lalupa24.com.ar\/index.php\/wp-json\/wp\/v2\/posts\/16902","targetHints":{"allow":["GET"]}}],"collection":[{"href":"https:\/\/lalupa24.com.ar\/index.php\/wp-json\/wp\/v2\/posts"}],"about":[{"href":"https:\/\/lalupa24.com.ar\/index.php\/wp-json\/wp\/v2\/types\/post"}],"author":[{"embeddable":true,"href":"https:\/\/lalupa24.com.ar\/index.php\/wp-json\/wp\/v2\/users\/2"}],"replies":[{"embeddable":true,"href":"https:\/\/lalupa24.com.ar\/index.php\/wp-json\/wp\/v2\/comments?post=16902"}],"version-history":[{"count":1,"href":"https:\/\/lalupa24.com.ar\/index.php\/wp-json\/wp\/v2\/posts\/16902\/revisions"}],"predecessor-version":[{"id":16903,"href":"https:\/\/lalupa24.com.ar\/index.php\/wp-json\/wp\/v2\/posts\/16902\/revisions\/16903"}],"wp:featuredmedia":[{"embeddable":true,"href":"https:\/\/lalupa24.com.ar\/index.php\/wp-json\/wp\/v2\/media\/16896"}],"wp:attachment":[{"href":"https:\/\/lalupa24.com.ar\/index.php\/wp-json\/wp\/v2\/media?parent=16902"}],"wp:term":[{"taxonomy":"category","embeddable":true,"href":"https:\/\/lalupa24.com.ar\/index.php\/wp-json\/wp\/v2\/categories?post=16902"},{"taxonomy":"post_tag","embeddable":true,"href":"https:\/\/lalupa24.com.ar\/index.php\/wp-json\/wp\/v2\/tags?post=16902"}],"curies":[{"name":"wp","href":"https:\/\/api.w.org\/{rel}","templated":true}]}}