{"id":16904,"date":"2026-02-18T10:26:35","date_gmt":"2026-02-18T13:26:35","guid":{"rendered":"https:\/\/lalupa24.com.ar\/?p=16904"},"modified":"2026-02-18T10:26:35","modified_gmt":"2026-02-18T13:26:35","slug":"tension-en-lisboa-la-uefa-investiga-a-gianluca-prestianni-tras-la-acusacion-de-racismo-de-vinicius-jr","status":"publish","type":"post","link":"https:\/\/lalupa24.com.ar\/index.php\/2026\/02\/18\/tension-en-lisboa-la-uefa-investiga-a-gianluca-prestianni-tras-la-acusacion-de-racismo-de-vinicius-jr\/","title":{"rendered":"TENSI\u00d3N EN LISBOA: LA UEFA INVESTIGA A GIANLUCA PRESTIANNI TRAS LA ACUSACI\u00d3N DE RACISMO DE VINICIUS JR."},"content":{"rendered":"\n<p>El duelo de la Champions League entre el Benfica y el Real Madrid ha quedado opacado por un grave incidente que involucra al joven talento argentino Gianluca Prestianni y al astro brasile\u00f1o Vinicius Jr. Durante el transcurso del encuentro en el Estadio da Luz, el delantero del Madrid denunci\u00f3 ante el \u00e1rbitro Francois Letexier haber sido objeto de insultos racistas por parte del exjugador de V\u00e9lez Sarsfield. La acusaci\u00f3n, que r\u00e1pidamente se viraliz\u00f3 en redes sociales y medios internacionales, ha activado de inmediato los protocolos de integridad de la UEFA, poniendo el foco nuevamente sobre la persistencia de conductas discriminatorias en la \u00e9lite del f\u00fatbol europeo.<\/p>\n\n\n\n<p>El altercado se origin\u00f3 tras una jugada accidentada entre Aur\u00e9lien Tchouam\u00e9ni y Rafa Silva, que deriv\u00f3 en una gresca entre futbolistas de ambos equipos. Seg\u00fan el relato de Vinicius, en medio del tumulto, Prestianni se cubri\u00f3 la boca con su camiseta para proferir el insulto &#8220;mono&#8221; en reiteradas ocasiones. &#8220;Los racistas son, encima de todo, cobardes&#8221;, expres\u00f3 el brasile\u00f1o posteriormente en sus redes sociales, cuestionando por qu\u00e9 se le amonest\u00f3 a \u00e9l por celebrar un gol mientras que las presuntas agresiones verbales de su rival no fueron sancionadas de inmediato por el cuerpo arbitral, que aleg\u00f3 no haber escuchado el intercambio.<\/p>\n\n\n\n<p>Desde el entorno del Benfica y el c\u00edrculo cercano al jugador argentino de 20 a\u00f1os, la versi\u00f3n es diametralmente opuesta. El t\u00e9cnico Jos\u00e9 Mourinho sali\u00f3 en defensa de su dirigido, se\u00f1alando que existen dos versiones de los hechos y que no se puede juzgar sin pruebas concluyentes. Seg\u00fan trascendi\u00f3, Prestianni admiti\u00f3 haber tenido un cruce verbal fuerte, pero neg\u00f3 terminantemente el uso de t\u00e9rminos racistas, alegando haber utilizado otros insultos comunes en el fervor del juego que no revisten car\u00e1cter discriminatorio. El club luso ha comenzado a recopilar material audiovisual para demostrar que no hubo una intenci\u00f3n racista por parte de su futbolista.<\/p>\n\n\n\n<p>El impacto en el vestuario del Real Madrid ha sido profundo. Jugadores de peso como Kylian Mbapp\u00e9 y Federico Valverde respaldaron p\u00fablicamente a su compa\u00f1ero. Mbapp\u00e9 fue particularmente tajante al declarar ante los medios que el comportamiento de Prestianni &#8220;no tiene lugar en la Champions League&#8221; y que el racismo es una mancha que el f\u00fatbol debe erradicar con sanciones ejemplares. Por su parte, la Confederaci\u00f3n Brasile\u00f1a de F\u00fatbol (CBF) emiti\u00f3 un comunicado de solidaridad con Vinicius, calificando su actitud de activar el protocolo como un &#8220;ejemplo de valor y dignidad&#8221; frente a un delito que no debe ser tolerado.<\/p>\n\n\n\n<p>Jur\u00eddicamente, Prestianni podr\u00eda enfrentarse a una sanci\u00f3n severa si la UEFA logra comprobar los hechos. El reglamento disciplinario del organismo europeo contempla suspensiones prolongadas y multas econ\u00f3micas significativas para casos de racismo. Sin embargo, la dificultad radica en la falta de pruebas sonoras directas, dado que el jugador se tap\u00f3 la boca durante el incidente. Los peritos en lectura de labios y las c\u00e1maras t\u00e1cticas del estadio ser\u00e1n fundamentales en la investigaci\u00f3n que se abrir\u00e1 en las pr\u00f3ximas horas, la cual incluir\u00e1 testimonios de los futbolistas que se encontraban a escasos metros en el momento del conflicto.<\/p>\n\n\n\n<p>Este episodio marca un punto de inflexi\u00f3n en la carrera del joven Prestianni, quien hasta ahora era visto exclusivamente como una de las grandes promesas del f\u00fatbol argentino en Europa. La presi\u00f3n medi\u00e1tica y la gravedad de la acusaci\u00f3n obligar\u00e1n al Benfica a manejar la situaci\u00f3n con extrema cautela. Mientras tanto, el mundo del f\u00fatbol aguarda una resoluci\u00f3n que siente un precedente sobre la responsabilidad de los jugadores en el campo, en un a\u00f1o 2026 donde la lucha contra la intolerancia se ha convertido en una prioridad institucional para los organismos rectores del deporte.<\/p>\n","protected":false},"excerpt":{"rendered":"<p>El duelo de la Champions League entre el Benfica y el Real Madrid ha quedado opacado por un grave incidente que involucra al joven talento argentino Gianluca Prestianni y al astro brasile\u00f1o Vinicius Jr. Durante el transcurso del encuentro en el Estadio da Luz, el delantero del Madrid denunci\u00f3 ante el \u00e1rbitro Francois Letexier haber [&hellip;]<\/p>\n","protected":false},"author":2,"featured_media":16895,"comment_status":"open","ping_status":"open","sticky":false,"template":"","format":"standard","meta":{"footnotes":""},"categories":[100],"tags":[],"class_list":{"0":"post-16904","1":"post","2":"type-post","3":"status-publish","4":"format-standard","5":"has-post-thumbnail","7":"category-deportes"},"aioseo_notices":[],"_links":{"self":[{"href":"https:\/\/lalupa24.com.ar\/index.php\/wp-json\/wp\/v2\/posts\/16904","targetHints":{"allow":["GET"]}}],"collection":[{"href":"https:\/\/lalupa24.com.ar\/index.php\/wp-json\/wp\/v2\/posts"}],"about":[{"href":"https:\/\/lalupa24.com.ar\/index.php\/wp-json\/wp\/v2\/types\/post"}],"author":[{"embeddable":true,"href":"https:\/\/lalupa24.com.ar\/index.php\/wp-json\/wp\/v2\/users\/2"}],"replies":[{"embeddable":true,"href":"https:\/\/lalupa24.com.ar\/index.php\/wp-json\/wp\/v2\/comments?post=16904"}],"version-history":[{"count":1,"href":"https:\/\/lalupa24.com.ar\/index.php\/wp-json\/wp\/v2\/posts\/16904\/revisions"}],"predecessor-version":[{"id":16905,"href":"https:\/\/lalupa24.com.ar\/index.php\/wp-json\/wp\/v2\/posts\/16904\/revisions\/16905"}],"wp:featuredmedia":[{"embeddable":true,"href":"https:\/\/lalupa24.com.ar\/index.php\/wp-json\/wp\/v2\/media\/16895"}],"wp:attachment":[{"href":"https:\/\/lalupa24.com.ar\/index.php\/wp-json\/wp\/v2\/media?parent=16904"}],"wp:term":[{"taxonomy":"category","embeddable":true,"href":"https:\/\/lalupa24.com.ar\/index.php\/wp-json\/wp\/v2\/categories?post=16904"},{"taxonomy":"post_tag","embeddable":true,"href":"https:\/\/lalupa24.com.ar\/index.php\/wp-json\/wp\/v2\/tags?post=16904"}],"curies":[{"name":"wp","href":"https:\/\/api.w.org\/{rel}","templated":true}]}}