{"id":16910,"date":"2026-02-18T10:28:38","date_gmt":"2026-02-18T13:28:38","guid":{"rendered":"https:\/\/lalupa24.com.ar\/?p=16910"},"modified":"2026-02-18T10:28:39","modified_gmt":"2026-02-18T13:28:39","slug":"kicillof-consolida-su-estrategia-nacional-identidad-en-el-centro-del-pais-y-tension-irresoluta-con-la-campora","status":"publish","type":"post","link":"https:\/\/lalupa24.com.ar\/index.php\/2026\/02\/18\/kicillof-consolida-su-estrategia-nacional-identidad-en-el-centro-del-pais-y-tension-irresoluta-con-la-campora\/","title":{"rendered":"KICILLOF CONSOLIDA SU ESTRATEGIA NACIONAL: IDENTIDAD EN EL CENTRO DEL PA\u00cdS Y TENSI\u00d3N IRRESOLUTA CON LA C\u00c1MPORA"},"content":{"rendered":"\n<p>El gobernador de la provincia de Buenos Aires, Axel Kicillof, ha comenzado a desplegar una agenda con tintes claramente presidenciales, buscando proyectar su gesti\u00f3n m\u00e1s all\u00e1 de los l\u00edmites bonaerenses. Bajo la premisa de construir una &#8220;nueva identidad&#8221; para el peronismo, el mandatario provincial ha intensificado sus recorridas por el centro del pa\u00eds, una regi\u00f3n hist\u00f3ricamente esquiva para el kirchnerismo duro. Esta maniobra busca seducir a sectores productivos y clases medias mediante un discurso que prioriza la gesti\u00f3n estatal frente a las pol\u00edticas de ajuste nacional.<\/p>\n\n\n\n<p>El dise\u00f1o de esta proyecci\u00f3n electoral no es casualidad; responde a la necesidad de Kicillof de erigirse como el principal referente de la oposici\u00f3n en un mapa pol\u00edtico reconfigurado. Sin embargo, este crecimiento territorial y discursivo profundiza la grieta interna con La C\u00e1mpora, la organizaci\u00f3n liderada por M\u00e1ximo Kirchner. A pesar de compartir el mismo espacio pol\u00edtico, las diferencias estrat\u00e9gicas y el control de la estructura partidaria mantienen un conflicto latente que dificulta la unidad de mando necesaria para un proyecto nacional s\u00f3lido.<\/p>\n\n\n\n<p>Desde el entorno del gobernador, se\u00f1alan que es momento de &#8220;renovar las canciones&#8221;, una met\u00e1fora que alude a la necesidad de actualizar el mensaje pol\u00edtico para conectar con un electorado desencantado. Este enfoque busca despegarse de las figuras m\u00e1s tradicionales del espacio y construir una legitimidad propia basada en los resultados de su administraci\u00f3n provincial. No obstante, los analistas pol\u00edticos advierten que la resistencia interna de los sectores que responden directamente a la ex vicepresidenta Cristina Fern\u00e1ndez de Kirchner representa un techo que Kicillof a\u00fan no ha logrado perforar.<\/p>\n\n\n\n<p>Los conflictos territoriales, especialmente en distritos clave del conurbano bonaerense, son el reflejo de esta disputa de poder. Mientras Kicillof intenta municipalizar su gesti\u00f3n y armar estructuras propias, La C\u00e1mpora defiende sus espacios de influencia con recelo. Esta puja se traduce en una gesti\u00f3n que, por momentos, parece avanzar en dos direcciones paralelas: una enfocada en la resistencia contra las pol\u00edticas del gobierno nacional y otra en la supervivencia pol\u00edtica dentro de una interna partidaria que se vuelve cada vez m\u00e1s p\u00fablica y agresiva.<\/p>\n\n\n\n<p>En el centro del pa\u00eds, espec\u00edficamente en provincias como C\u00f3rdoba y Santa Fe, el discurso de Kicillof intenta matizarse para resultar menos polarizante. El desaf\u00edo es may\u00fasculo, dado que debe equilibrar su lealtad al n\u00facleo duro del kirchnerismo con la apertura necesaria para captar votos fuera de su zona de confort. Los referentes del sector agroindustrial y las c\u00e1maras de comercio locales observan con escepticismo este acercamiento, evaluando si la propuesta del gobernador representa un cambio real o simplemente una nueva est\u00e9tica para el mismo modelo econ\u00f3mico de a\u00f1os anteriores.<\/p>\n\n\n\n<p>El futuro pol\u00edtico de Kicillof depender\u00e1 de su habilidad para gestionar estos dos frentes simult\u00e1neos. En el corto plazo, su capacidad para mantener la paz social en la provincia de Buenos Aires frente al ajuste nacional ser\u00e1 su principal carta de presentaci\u00f3n. En el largo plazo, el \u00e9xito de su proyecto electoral estar\u00e1 supeditado a su habilidad para resolver \u2014o al menos contener\u2014 la interna con La C\u00e1mpora sin que esto signifique una ruptura que fragmente irreversiblemente el voto opositor en las pr\u00f3ximas contiendas legislativas y ejecutivas.<\/p>\n","protected":false},"excerpt":{"rendered":"<p>El gobernador de la provincia de Buenos Aires, Axel Kicillof, ha comenzado a desplegar una agenda con tintes claramente presidenciales, buscando proyectar su gesti\u00f3n m\u00e1s all\u00e1 de los l\u00edmites bonaerenses. Bajo la premisa de construir una &#8220;nueva identidad&#8221; para el peronismo, el mandatario provincial ha intensificado sus recorridas por el centro del pa\u00eds, una regi\u00f3n [&hellip;]<\/p>\n","protected":false},"author":2,"featured_media":16892,"comment_status":"open","ping_status":"open","sticky":false,"template":"","format":"standard","meta":{"footnotes":""},"categories":[26],"tags":[],"class_list":{"0":"post-16910","1":"post","2":"type-post","3":"status-publish","4":"format-standard","5":"has-post-thumbnail","7":"category-nacionales"},"aioseo_notices":[],"_links":{"self":[{"href":"https:\/\/lalupa24.com.ar\/index.php\/wp-json\/wp\/v2\/posts\/16910","targetHints":{"allow":["GET"]}}],"collection":[{"href":"https:\/\/lalupa24.com.ar\/index.php\/wp-json\/wp\/v2\/posts"}],"about":[{"href":"https:\/\/lalupa24.com.ar\/index.php\/wp-json\/wp\/v2\/types\/post"}],"author":[{"embeddable":true,"href":"https:\/\/lalupa24.com.ar\/index.php\/wp-json\/wp\/v2\/users\/2"}],"replies":[{"embeddable":true,"href":"https:\/\/lalupa24.com.ar\/index.php\/wp-json\/wp\/v2\/comments?post=16910"}],"version-history":[{"count":1,"href":"https:\/\/lalupa24.com.ar\/index.php\/wp-json\/wp\/v2\/posts\/16910\/revisions"}],"predecessor-version":[{"id":16911,"href":"https:\/\/lalupa24.com.ar\/index.php\/wp-json\/wp\/v2\/posts\/16910\/revisions\/16911"}],"wp:featuredmedia":[{"embeddable":true,"href":"https:\/\/lalupa24.com.ar\/index.php\/wp-json\/wp\/v2\/media\/16892"}],"wp:attachment":[{"href":"https:\/\/lalupa24.com.ar\/index.php\/wp-json\/wp\/v2\/media?parent=16910"}],"wp:term":[{"taxonomy":"category","embeddable":true,"href":"https:\/\/lalupa24.com.ar\/index.php\/wp-json\/wp\/v2\/categories?post=16910"},{"taxonomy":"post_tag","embeddable":true,"href":"https:\/\/lalupa24.com.ar\/index.php\/wp-json\/wp\/v2\/tags?post=16910"}],"curies":[{"name":"wp","href":"https:\/\/api.w.org\/{rel}","templated":true}]}}