{"id":16912,"date":"2026-02-18T10:29:16","date_gmt":"2026-02-18T13:29:16","guid":{"rendered":"https:\/\/lalupa24.com.ar\/?p=16912"},"modified":"2026-02-18T10:29:17","modified_gmt":"2026-02-18T13:29:17","slug":"maxima-alerta-en-el-congreso-el-gobierno-refuerza-el-operativo-de-seguridad-ante-la-marcha-contra-la-reforma-laboral","status":"publish","type":"post","link":"https:\/\/lalupa24.com.ar\/index.php\/2026\/02\/18\/maxima-alerta-en-el-congreso-el-gobierno-refuerza-el-operativo-de-seguridad-ante-la-marcha-contra-la-reforma-laboral\/","title":{"rendered":"M\u00c1XIMA ALERTA EN EL CONGRESO: EL GOBIERNO REFUERZA EL OPERATIVO DE SEGURIDAD ANTE LA MARCHA CONTRA LA REFORMA LABORAL"},"content":{"rendered":"\n<p>En un clima de creciente tensi\u00f3n social, el Ministerio de Seguridad de la Naci\u00f3n ha anunciado un endurecimiento significativo de las medidas de control de cara a la movilizaci\u00f3n prevista frente al Congreso de la Naci\u00f3n. La marcha, convocada por diversas organizaciones sindicales, sociales y partidos de izquierda, tiene como objetivo principal manifestar el rechazo rotundo a la reforma laboral que se debate en las comisiones legislativas. El Gobierno ha dejado claro que aplicar\u00e1 estrictamente el protocolo de orden p\u00fablico para garantizar la circulaci\u00f3n y evitar el bloqueo de las arterias principales de la Capital Federal.<\/p>\n\n\n\n<p>El despliegue incluir\u00e1 el uso coordinado de fuerzas federales, incluyendo Gendarmer\u00eda Nacional, Prefectura y la Polic\u00eda Federal, con un monitoreo constante mediante c\u00e1maras de vigilancia y unidades de respuesta r\u00e1pida. Seg\u00fan fuentes oficiales, la prioridad absoluta es resguardar la integridad del palacio legislativo y asegurar que los parlamentarios puedan ingresar y egresar sin contratiempos. Este endurecimiento de la postura oficial se interpreta como una se\u00f1al de firmeza ante lo que el Ejecutivo denomina &#8220;m\u00e9todos extorsivos&#8221; de los sectores que se oponen a la modernizaci\u00f3n econ\u00f3mica.<\/p>\n\n\n\n<p>Desde los sectores convocantes, la reacci\u00f3n ante el anuncio del operativo de seguridad ha sido de fuerte denuncia por lo que consideran una &#8220;criminalizaci\u00f3n de la protesta&#8221;. Los l\u00edderes sindicales argumentan que el despliegue es desproporcionado y tiene como fin amedrentar a los trabajadores que buscan defender sus derechos ante una ley que consideran regresiva. Se espera que la movilizaci\u00f3n sea masiva, lo que plantea un desaf\u00edo log\u00edstico y pol\u00edtico de alta complejidad para las autoridades de seguridad, dado el riesgo de incidentes en los puntos de contacto entre manifestantes y uniformados.<\/p>\n\n\n\n<p>Expertos en seguridad p\u00fablica se\u00f1alan que este tipo de operativos de &#8220;tolerancia cero&#8221; frente a los cortes de calle requieren una precisi\u00f3n quir\u00fargica para evitar escaladas de violencia. El antecedente de manifestaciones previas bajo la actual gesti\u00f3n indica que el uso de gases lacrim\u00f3genos y camiones hidrantes es una posibilidad real si se vulneran los per\u00edmetros establecidos. Por su parte, organismos de derechos humanos han manifestado su preocupaci\u00f3n y han anunciado que enviar\u00e1n observadores para documentar el accionar de las fuerzas de seguridad durante la jornada.<\/p>\n\n\n\n<p>En el plano pol\u00edtico, el endurecimiento del control busca tambi\u00e9n enviar un mensaje a la base electoral del oficialismo, que reclama orden y el cumplimiento de la ley frente a las protestas callejeras. No obstante, el riesgo pol\u00edtico es alto: cualquier exceso en el uso de la fuerza podr\u00eda unificar a la oposici\u00f3n y generar un efecto contraproducente en la opini\u00f3n p\u00fablica, desviando la atenci\u00f3n del debate de fondo sobre la reforma laboral hacia la gesti\u00f3n del orden p\u00fablico. La Casa Rosada apuesta a que el control de la calle sea un reflejo de su control sobre la agenda legislativa.<\/p>\n\n\n\n<p>El impacto de lo que suceda en las inmediaciones del Congreso ser\u00e1 determinante para el ritmo de la sesi\u00f3n legislativa. Un escenario de caos externo podr\u00eda forzar suspensiones o demoras en el tratamiento del proyecto, mientras que un operativo exitoso sin incidentes mayores fortalecer\u00eda la posici\u00f3n del Gobierno. La jornada se perfila como un test cr\u00edtico para la convivencia democr\u00e1tica y para la efectividad de las pol\u00edticas de seguridad en un contexto de profunda polarizaci\u00f3n y crisis econ\u00f3mica que agudiza los conflictos sociales.<\/p>\n","protected":false},"excerpt":{"rendered":"<p>En un clima de creciente tensi\u00f3n social, el Ministerio de Seguridad de la Naci\u00f3n ha anunciado un endurecimiento significativo de las medidas de control de cara a la movilizaci\u00f3n prevista frente al Congreso de la Naci\u00f3n. La marcha, convocada por diversas organizaciones sindicales, sociales y partidos de izquierda, tiene como objetivo principal manifestar el rechazo [&hellip;]<\/p>\n","protected":false},"author":2,"featured_media":16891,"comment_status":"open","ping_status":"open","sticky":false,"template":"","format":"standard","meta":{"footnotes":""},"categories":[26],"tags":[],"class_list":{"0":"post-16912","1":"post","2":"type-post","3":"status-publish","4":"format-standard","5":"has-post-thumbnail","7":"category-nacionales"},"aioseo_notices":[],"_links":{"self":[{"href":"https:\/\/lalupa24.com.ar\/index.php\/wp-json\/wp\/v2\/posts\/16912","targetHints":{"allow":["GET"]}}],"collection":[{"href":"https:\/\/lalupa24.com.ar\/index.php\/wp-json\/wp\/v2\/posts"}],"about":[{"href":"https:\/\/lalupa24.com.ar\/index.php\/wp-json\/wp\/v2\/types\/post"}],"author":[{"embeddable":true,"href":"https:\/\/lalupa24.com.ar\/index.php\/wp-json\/wp\/v2\/users\/2"}],"replies":[{"embeddable":true,"href":"https:\/\/lalupa24.com.ar\/index.php\/wp-json\/wp\/v2\/comments?post=16912"}],"version-history":[{"count":1,"href":"https:\/\/lalupa24.com.ar\/index.php\/wp-json\/wp\/v2\/posts\/16912\/revisions"}],"predecessor-version":[{"id":16913,"href":"https:\/\/lalupa24.com.ar\/index.php\/wp-json\/wp\/v2\/posts\/16912\/revisions\/16913"}],"wp:featuredmedia":[{"embeddable":true,"href":"https:\/\/lalupa24.com.ar\/index.php\/wp-json\/wp\/v2\/media\/16891"}],"wp:attachment":[{"href":"https:\/\/lalupa24.com.ar\/index.php\/wp-json\/wp\/v2\/media?parent=16912"}],"wp:term":[{"taxonomy":"category","embeddable":true,"href":"https:\/\/lalupa24.com.ar\/index.php\/wp-json\/wp\/v2\/categories?post=16912"},{"taxonomy":"post_tag","embeddable":true,"href":"https:\/\/lalupa24.com.ar\/index.php\/wp-json\/wp\/v2\/tags?post=16912"}],"curies":[{"name":"wp","href":"https:\/\/api.w.org\/{rel}","templated":true}]}}